{"id":11708,"date":"2019-06-25T15:17:35","date_gmt":"2019-06-25T14:17:35","guid":{"rendered":"https:\/\/www.perla.al\/?p=11708"},"modified":"2019-06-25T15:37:48","modified_gmt":"2019-06-25T14:37:48","slug":"rriten-cmimet-e-apartamenteve-demirxhiu-kane-rene-ndjeshem-shitjet","status":"publish","type":"post","link":"https:\/\/www.perla.al\/al\/rriten-cmimet-e-apartamenteve-demirxhiu-kane-rene-ndjeshem-shitjet\/","title":{"rendered":"Rriten \u00e7mimet e apartamenteve, Demirxhiu: Kan\u00eb r\u00ebn\u00eb ndjesh\u00ebm shitjet"},"content":{"rendered":"\n<p>Rriten\n me 10 deri n\u00eb 15% \u00e7mimet e apartamenteve n\u00eb Tiran\u00eb. Shkak p\u00ebr k\u00ebt\u00eb jan\u00eb\n b\u00ebr\u00eb shum\u00eb faktor\u00eb t\u00eb ndrysh\u00ebm. Nd\u00ebrkoh\u00eb pronari i Real Estate Ervin \nDemirxhiu shprehet p\u00ebr TemATV, se kostot e larta kan\u00eb ulur ndjesh\u00ebm \nshitjet. Ai ngre edhe shqet\u00ebsimin e munges\u00ebs s\u00eb hipotekave t\u00eb \napartamenteve.<\/p>\n\n\n\n<p>\u00c7mimet  e apartamenteve n\u00eb Shqip\u00ebri p\u00ebrgjat\u00eb muajve t\u00eb par\u00eb t\u00eb 2019 jan\u00eb  shtrenjtuar tep\u00ebr. Kryesisht n\u00eb Tiran\u00eb ku edhe \u00ebsht\u00eb fluksi m\u00eb i madh i  shitjeve t\u00eb sht\u00ebpive, rritja e \u00e7mimit \u00ebsht\u00eb 10-15% m\u00eb e madhe. Tashm\u00eb  nj\u00eb apartament mesatar nuk mund t\u00eb blihet m\u00eb pak se 40-50 mij\u00eb euro.  Pronari i Real Estate Ervin Demirxhiu shprehet p\u00ebr TemATV se jan\u00eb nj\u00eb  s\u00ebr\u00eb faktor\u00ebsh q\u00eb ndikojn\u00eb n\u00eb rritjen e \u00e7mimeve, p\u00ebrfshir\u00eb k\u00ebtu edhe  r\u00ebnien e euros<\/p>\n\n\n\n<figure class=\"wp-block-video\"><video controls poster=\"https:\/\/www.perla.al\/wp-content\/uploads\/2019\/06\/Capture.png\" src=\"http:\/\/edge07eu.ekranet.com\/videostream\/2019\/05\/1561408319\/1561408319_converted_480.mp4?v=ZAq4Hnj9Br\"><\/video><\/figure>\n\n\n\n<p>..referuar: tematv.al<\/p>\n","protected":false},"excerpt":{"rendered":"<p>Rriten me 10 deri n\u00eb 15% \u00e7mimet e apartamenteve n\u00eb Tiran\u00eb. Shkak p\u00ebr k\u00ebt\u00eb jan\u00eb b\u00ebr\u00eb shum\u00eb faktor\u00eb t\u00eb ndrysh\u00ebm. Nd\u00ebrkoh\u00eb pronari i Real Estate Ervin Demirxhiu shprehet p\u00ebr TemATV, se kostot e larta kan\u00eb ulur ndjesh\u00ebm shitjet. Ai ngre edhe shqet\u00ebsimin e munges\u00ebs s\u00eb hipotekave t\u00eb apartamenteve. \u00c7mimet e apartamenteve n\u00eb Shqip\u00ebri p\u00ebrgjat\u00eb muajve [&hellip;]<\/p>\n","protected":false},"author":1,"featured_media":11712,"comment_status":"open","ping_status":"open","sticky":false,"template":"","format":"standard","meta":{"cybocfi_hide_featured_image":"","footnotes":""},"categories":[142],"tags":[],"yst_prominent_words":[1271,1268,1256,1248,1276,1260,1251,1245,1270,1258,1275,1274,1280,1265,1266,1279,1263,1254,1134,1282],"class_list":["post-11708","post","type-post","status-publish","format-standard","has-post-thumbnail","hentry","category-uncategorized-en"],"translation":{"provider":"WPGlobus","version":"2.12.2","language":"al","enabled_languages":["en","al"],"languages":{"en":{"title":true,"content":true,"excerpt":false},"al":{"title":false,"content":false,"excerpt":false}}},"_links":{"self":[{"href":"https:\/\/www.perla.al\/al\/wp-json\/wp\/v2\/posts\/11708"}],"collection":[{"href":"https:\/\/www.perla.al\/al\/wp-json\/wp\/v2\/posts"}],"about":[{"href":"https:\/\/www.perla.al\/al\/wp-json\/wp\/v2\/types\/post"}],"author":[{"embeddable":true,"href":"https:\/\/www.perla.al\/al\/wp-json\/wp\/v2\/users\/1"}],"replies":[{"embeddable":true,"href":"https:\/\/www.perla.al\/al\/wp-json\/wp\/v2\/comments?post=11708"}],"version-history":[{"count":0,"href":"https:\/\/www.perla.al\/al\/wp-json\/wp\/v2\/posts\/11708\/revisions"}],"wp:featuredmedia":[{"embeddable":true,"href":"https:\/\/www.perla.al\/al\/wp-json\/wp\/v2\/media\/11712"}],"wp:attachment":[{"href":"https:\/\/www.perla.al\/al\/wp-json\/wp\/v2\/media?parent=11708"}],"wp:term":[{"taxonomy":"category","embeddable":true,"href":"https:\/\/www.perla.al\/al\/wp-json\/wp\/v2\/categories?post=11708"},{"taxonomy":"post_tag","embeddable":true,"href":"https:\/\/www.perla.al\/al\/wp-json\/wp\/v2\/tags?post=11708"},{"taxonomy":"yst_prominent_words","embeddable":true,"href":"https:\/\/www.perla.al\/al\/wp-json\/wp\/v2\/yst_prominent_words?post=11708"}],"curies":[{"name":"wp","href":"https:\/\/api.w.org\/{rel}","templated":true}]}}