{"id":12105,"date":"2019-10-14T15:40:24","date_gmt":"2019-10-14T14:40:24","guid":{"rendered":"https:\/\/www.perla.al\/?p=12105"},"modified":"2019-10-14T15:51:11","modified_gmt":"2019-10-14T14:51:11","slug":"viti-i-ri-akademik-rrit-cmimet-e-apartamenteve-per-shitje-dhe-qira-nga-ervin-demirxhiu-www-perla-al","status":"publish","type":"post","link":"https:\/\/www.perla.al\/al\/viti-i-ri-akademik-rrit-cmimet-e-apartamenteve-per-shitje-dhe-qira-nga-ervin-demirxhiu-www-perla-al\/","title":{"rendered":"Viti i ri akademik rrit \u00e7mimet e apartamenteve p\u00ebr shitje dhe qira &#8211; nga Ervin Demirxhiu \/www.perla.al"},"content":{"rendered":"\n<p><strong>Nje interviste e dhene per ReportTV ne lidhje me rritjen e menjehershme te cmimeve me fillim vitin e ri akademik 2019-2020 nga Vleresues i pasurive te paluajtshme Z. Ervin Demirxhiu.. per me teper ndiqni videon e meposhtme:<\/strong><\/p>\n\n\n\n<figure class=\"wp-block-embed-facebook wp-block-embed is-type-video is-provider-facebook\"><div class=\"wp-block-embed__wrapper\">\n<div class=\"iframe-wrapper\"><div id=\"fb-root\"><\/div><script async=\"1\" defer=\"1\" crossorigin=\"anonymous\" src=\"https:\/\/connect.facebook.net\/sq_AL\/sdk.js#xfbml=1&amp;version=v4.0\"><\/script><div class=\"fb-video\" data-href=\"https:\/\/www.facebook.com\/reporttval\/videos\/1560566904083164\/\" data-width=\"1920\"><blockquote cite=\"https:\/\/www.facebook.com\/reporttval\/videos\/1560566904083164\/\" class=\"fb-xfbml-parse-ignore\"><a href=\"https:\/\/www.facebook.com\/reporttval\/videos\/1560566904083164\/\">Viti i ri akademik rrit \u00e7mimet e apartamenteve p\u00ebr shitje dhe qira- P\u00ebr lajme t\u00eb tjera klikoni n\u00eb www.shqiptarja.com<\/a><p>Viti i ri akademik rrit \u00e7mimet e apartamenteve p\u00ebr shitje dhe qira- P\u00ebr lajme t\u00eb tjera klikoni n\u00eb www.shqiptarja.com<\/p>Posted by <a href=\"https:\/\/www.facebook.com\/reporttval\/\">Report TV<\/a> on E h\u00ebn\u00eb, 14 Tetor 2019<\/blockquote><\/div><\/div>\n<\/div><\/figure>\n","protected":false},"excerpt":{"rendered":"<p>Nje interviste e dhene per ReportTV ne lidhje me rritjen e menjehershme te cmimeve me fillim vitin e ri akademik 2019-2020 nga Vleresues i pasurive te paluajtshme Z. Ervin Demirxhiu.. per me teper ndiqni videon e meposhtme:<\/p>\n","protected":false},"author":1,"featured_media":12107,"comment_status":"open","ping_status":"open","sticky":false,"template":"","format":"standard","meta":{"cybocfi_hide_featured_image":"","footnotes":""},"categories":[142],"tags":[],"yst_prominent_words":[1134],"class_list":["post-12105","post","type-post","status-publish","format-standard","has-post-thumbnail","hentry","category-uncategorized-en"],"translation":{"provider":"WPGlobus","version":"2.12.2","language":"al","enabled_languages":["en","al"],"languages":{"en":{"title":true,"content":true,"excerpt":false},"al":{"title":false,"content":false,"excerpt":false}}},"_links":{"self":[{"href":"https:\/\/www.perla.al\/al\/wp-json\/wp\/v2\/posts\/12105"}],"collection":[{"href":"https:\/\/www.perla.al\/al\/wp-json\/wp\/v2\/posts"}],"about":[{"href":"https:\/\/www.perla.al\/al\/wp-json\/wp\/v2\/types\/post"}],"author":[{"embeddable":true,"href":"https:\/\/www.perla.al\/al\/wp-json\/wp\/v2\/users\/1"}],"replies":[{"embeddable":true,"href":"https:\/\/www.perla.al\/al\/wp-json\/wp\/v2\/comments?post=12105"}],"version-history":[{"count":0,"href":"https:\/\/www.perla.al\/al\/wp-json\/wp\/v2\/posts\/12105\/revisions"}],"wp:featuredmedia":[{"embeddable":true,"href":"https:\/\/www.perla.al\/al\/wp-json\/wp\/v2\/media\/12107"}],"wp:attachment":[{"href":"https:\/\/www.perla.al\/al\/wp-json\/wp\/v2\/media?parent=12105"}],"wp:term":[{"taxonomy":"category","embeddable":true,"href":"https:\/\/www.perla.al\/al\/wp-json\/wp\/v2\/categories?post=12105"},{"taxonomy":"post_tag","embeddable":true,"href":"https:\/\/www.perla.al\/al\/wp-json\/wp\/v2\/tags?post=12105"},{"taxonomy":"yst_prominent_words","embeddable":true,"href":"https:\/\/www.perla.al\/al\/wp-json\/wp\/v2\/yst_prominent_words?post=12105"}],"curies":[{"name":"wp","href":"https:\/\/api.w.org\/{rel}","templated":true}]}}