{"id":13923,"date":"2020-10-01T17:31:43","date_gmt":"2020-10-01T16:31:43","guid":{"rendered":"https:\/\/www.perla.al\/?p=13923"},"modified":"2020-10-01T17:44:46","modified_gmt":"2020-10-01T16:44:46","slug":"bashkia-rrit-kostot-e-apatamenteve","status":"publish","type":"post","link":"https:\/\/www.perla.al\/al\/bashkia-rrit-kostot-e-apatamenteve\/","title":{"rendered":"Bashkia rrit kostot e apatamenteve"},"content":{"rendered":"\n<p>Shqip\u00ebria renditet e treta p\u00ebr koston m\u00eb t\u00eb lart\u00eb t\u00eb apartamenteve, pas Serbis\u00eb dhe Republik\u00ebs \u00c7eke. Eksperti i pasurive t\u00eb paluajtshme Ervin Demirxhiu thot\u00eb p\u00ebr TvT se jan\u00eb disa faktor\u00eb q\u00eb ndikojn\u00eb, duke ve\u00e7uar \u00a0kostot e shtuara t\u00eb bashkis\u00eb s\u00eb Tiran\u00ebs dhe qarkullimin e paras\u00eb informale n\u00eb treg.<\/p>\n\n\n\n<p>Per me teper ndiqni <a href=\"http:\/\/www.ekranet.com\/embed\/nsAGjtm7ksIU3rm\/640x360\" target=\"_blank\" rel=\"noreferrer noopener\"><span class=\"has-inline-color has-vivid-cyan-blue-color\"><strong>videon<\/strong><\/span><\/a> me poshte:<\/p>\n\n\n\n<p><a href=\"http:\/\/www.ekranet.com\/embed\/nsAGjtm7ksIU3rm\/640x360\"><strong><em><span class=\"has-inline-color has-vivid-cyan-blue-color\">http:\/\/www.ekranet.com\/embed\/nsAGjtm7ksIU3rm\/640&#215;360<\/span><\/em><\/strong><\/a><\/p>\n","protected":false},"excerpt":{"rendered":"<p>Shqip\u00ebria renditet e treta p\u00ebr koston m\u00eb t\u00eb lart\u00eb t\u00eb apartamenteve, pas Serbis\u00eb dhe Republik\u00ebs \u00c7eke. Eksperti i pasurive t\u00eb paluajtshme Ervin Demirxhiu thot\u00eb p\u00ebr TvT se jan\u00eb disa faktor\u00eb q\u00eb ndikojn\u00eb, duke ve\u00e7uar \u00a0kostot e shtuara t\u00eb bashkis\u00eb s\u00eb Tiran\u00ebs dhe qarkullimin e paras\u00eb informale n\u00eb treg. Per me teper ndiqni videon me poshte: [&hellip;]<\/p>\n","protected":false},"author":1,"featured_media":13928,"comment_status":"open","ping_status":"open","sticky":false,"template":"","format":"standard","meta":{"cybocfi_hide_featured_image":"","footnotes":""},"categories":[1153,1149,1151,142],"tags":[],"yst_prominent_words":[1144,1137,1134],"class_list":["post-13923","post","type-post","status-publish","format-standard","has-post-thumbnail","hentry","category-apartamente-ne-shitje","category-shtepi-me-qera","category-apartamente-ne-tirane","category-uncategorized-en"],"translation":{"provider":"WPGlobus","version":"2.12.2","language":"al","enabled_languages":["en","al"],"languages":{"en":{"title":true,"content":true,"excerpt":false},"al":{"title":false,"content":false,"excerpt":false}}},"_links":{"self":[{"href":"https:\/\/www.perla.al\/al\/wp-json\/wp\/v2\/posts\/13923"}],"collection":[{"href":"https:\/\/www.perla.al\/al\/wp-json\/wp\/v2\/posts"}],"about":[{"href":"https:\/\/www.perla.al\/al\/wp-json\/wp\/v2\/types\/post"}],"author":[{"embeddable":true,"href":"https:\/\/www.perla.al\/al\/wp-json\/wp\/v2\/users\/1"}],"replies":[{"embeddable":true,"href":"https:\/\/www.perla.al\/al\/wp-json\/wp\/v2\/comments?post=13923"}],"version-history":[{"count":0,"href":"https:\/\/www.perla.al\/al\/wp-json\/wp\/v2\/posts\/13923\/revisions"}],"wp:featuredmedia":[{"embeddable":true,"href":"https:\/\/www.perla.al\/al\/wp-json\/wp\/v2\/media\/13928"}],"wp:attachment":[{"href":"https:\/\/www.perla.al\/al\/wp-json\/wp\/v2\/media?parent=13923"}],"wp:term":[{"taxonomy":"category","embeddable":true,"href":"https:\/\/www.perla.al\/al\/wp-json\/wp\/v2\/categories?post=13923"},{"taxonomy":"post_tag","embeddable":true,"href":"https:\/\/www.perla.al\/al\/wp-json\/wp\/v2\/tags?post=13923"},{"taxonomy":"yst_prominent_words","embeddable":true,"href":"https:\/\/www.perla.al\/al\/wp-json\/wp\/v2\/yst_prominent_words?post=13923"}],"curies":[{"name":"wp","href":"https:\/\/api.w.org\/{rel}","templated":true}]}}