{"id":14506,"date":"2021-01-25T19:47:10","date_gmt":"2021-01-25T18:47:10","guid":{"rendered":"https:\/\/www.perla.al\/?p=14506"},"modified":"2021-01-31T00:39:43","modified_gmt":"2021-01-30T23:39:43","slug":"faktoret-qe-kane-ndikuar-ne-rritjen-e-cmimeve-te-apartamenteve-ne-tirane","status":"publish","type":"post","link":"https:\/\/www.perla.al\/al\/faktoret-qe-kane-ndikuar-ne-rritjen-e-cmimeve-te-apartamenteve-ne-tirane\/","title":{"rendered":"Faktor\u00ebt q\u00eb kan\u00eb ndikuar n\u00eb rritjen e \u00e7mimeve t\u00eb apartamenteve n\u00eb Tiran\u00eb."},"content":{"rendered":"<div class=\"iframe-wrapper\"><iframe loading=\"lazy\" title=\"Nj\u00eb opionin  mbi faktor\u00ebt q\u00eb kan\u00eb ndikuar n\u00eb rritjen e \u00e7mimeve t\u00eb apartamenteve n\u00eb Tiran\u00eb.\" width=\"1778\" height=\"1000\" src=\"https:\/\/www.youtube.com\/embed\/trrk2t6lXiU?feature=oembed\" frameborder=\"0\" allow=\"accelerometer; autoplay; clipboard-write; encrypted-media; gyroscope; picture-in-picture\" allowfullscreen><\/iframe><\/div>\r\n\r\n<figure class=\"wp-block-embed is-type-video is-provider-youtube\">\r\n<div class=\"wp-block-embed__wrapper\">\u00a0<\/div>\r\n<\/figure>\r\n\r\n<p>Nj\u00eb opionin i dh\u00ebn\u00eb gazetres Dea Dervishi p\u00ebr \u201cSyri Tv\u201d mbi faktor\u00ebt q\u00eb kan\u00eb ndikuar n\u00eb rritjen e \u00e7mimeve t\u00eb apartamenteve n\u00eb Tiran\u00eb.<\/p>\r\n<p><br \/>\u25b6\ufe0fwww.perla.al<br \/>#perlarealestate #agent #propertyvilla #syritv #interview #buy #blackmoney #dreamhouse #livingstyle #Albania #Tirana #Durres #business #tv #vleresuespronash<\/p>\r\n\r\n<p>&nbsp;<\/p>\r\n\r\n\r\n\r\n<p>&nbsp;<\/p>\r\n\r\n\r\n\r\n<p>&nbsp;<\/p>\r\n","protected":false},"excerpt":{"rendered":"<p>Nj\u00eb opionin i dh\u00ebn\u00eb gazetres Dea Dervishi p\u00ebr \u201cSyri Tv\u201d mbi faktor\u00ebt q\u00eb kan\u00eb ndikuar n\u00eb rritjen e \u00e7mimeve t\u00eb apartamenteve n\u00eb Tiran\u00eb. \u25b6\ufe0fwww.perla.al#perlarealestate #agent #propertyvilla #syritv #interview #buy #blackmoney #dreamhouse #livingstyle #Albania #Tirana #Durres #business #tv #vleresuespronash &nbsp; &nbsp; &nbsp;<\/p>\n","protected":false},"author":1,"featured_media":11833,"comment_status":"open","ping_status":"open","sticky":false,"template":"","format":"standard","meta":{"cybocfi_hide_featured_image":"","footnotes":""},"categories":[1153,1149,1,142,146],"tags":[968,966],"yst_prominent_words":[1135],"class_list":["post-14506","post","type-post","status-publish","format-standard","has-post-thumbnail","hentry","category-apartamente-ne-shitje","category-shtepi-me-qera","category-uncategorized","category-uncategorized-en","category-uncategorized-sq","tag-apartament-me-qera","tag-apartamente-ne-shitje"],"translation":{"provider":"WPGlobus","version":"2.12.2","language":"al","enabled_languages":["en","al"],"languages":{"en":{"title":true,"content":true,"excerpt":false},"al":{"title":true,"content":false,"excerpt":false}}},"_links":{"self":[{"href":"https:\/\/www.perla.al\/al\/wp-json\/wp\/v2\/posts\/14506"}],"collection":[{"href":"https:\/\/www.perla.al\/al\/wp-json\/wp\/v2\/posts"}],"about":[{"href":"https:\/\/www.perla.al\/al\/wp-json\/wp\/v2\/types\/post"}],"author":[{"embeddable":true,"href":"https:\/\/www.perla.al\/al\/wp-json\/wp\/v2\/users\/1"}],"replies":[{"embeddable":true,"href":"https:\/\/www.perla.al\/al\/wp-json\/wp\/v2\/comments?post=14506"}],"version-history":[{"count":0,"href":"https:\/\/www.perla.al\/al\/wp-json\/wp\/v2\/posts\/14506\/revisions"}],"wp:featuredmedia":[{"embeddable":true,"href":"https:\/\/www.perla.al\/al\/wp-json\/wp\/v2\/media\/11833"}],"wp:attachment":[{"href":"https:\/\/www.perla.al\/al\/wp-json\/wp\/v2\/media?parent=14506"}],"wp:term":[{"taxonomy":"category","embeddable":true,"href":"https:\/\/www.perla.al\/al\/wp-json\/wp\/v2\/categories?post=14506"},{"taxonomy":"post_tag","embeddable":true,"href":"https:\/\/www.perla.al\/al\/wp-json\/wp\/v2\/tags?post=14506"},{"taxonomy":"yst_prominent_words","embeddable":true,"href":"https:\/\/www.perla.al\/al\/wp-json\/wp\/v2\/yst_prominent_words?post=14506"}],"curies":[{"name":"wp","href":"https:\/\/api.w.org\/{rel}","templated":true}]}}