{"id":14887,"date":"2021-06-23T17:24:23","date_gmt":"2021-06-23T15:24:23","guid":{"rendered":"https:\/\/www.perla.al\/?p=14887"},"modified":"2021-06-23T17:33:47","modified_gmt":"2021-06-23T15:33:47","slug":"cfare-po-ndodh-me-rritjen-e-cmimeve-te-apartamenteve-ne-tirane","status":"publish","type":"post","link":"https:\/\/www.perla.al\/al\/cfare-po-ndodh-me-rritjen-e-cmimeve-te-apartamenteve-ne-tirane\/","title":{"rendered":"\u00c7far\u00eb po ndodh me rritjen e \u00e7mimeve t\u00eb apartamenteve n\u00eb Tiran\u00eb?"},"content":{"rendered":"<p>\u00c7far\u00eb po ndodh me rritjen e \u00e7mimeve t\u00eb apartamenteve n\u00eb Tiran\u00eb? Flet p\u00ebr Syri Tv Ervin Demirxhiu, ekspert imobiliar<\/p>\n<p>per me teper ndiqni intervisten ne videon me poshte:<\/p>\n<div class=\"iframe-wrapper\"><iframe loading=\"lazy\" title=\"\u00c7far\u00eb po ndodh me rritjen e \u00e7mimeve t\u00eb apartamenteve n\u00eb Tiran\u00eb?\" width=\"1778\" height=\"1000\" src=\"https:\/\/www.youtube.com\/embed\/zNwJl7B6anc?feature=oembed\" frameborder=\"0\" allow=\"accelerometer; autoplay; clipboard-write; encrypted-media; gyroscope; picture-in-picture\" allowfullscreen><\/iframe><\/div>\n","protected":false},"excerpt":{"rendered":"<p>\u00c7far\u00eb po ndodh me rritjen e \u00e7mimeve t\u00eb apartamenteve n\u00eb Tiran\u00eb? Flet p\u00ebr Syri Tv Ervin Demirxhiu, ekspert imobiliar per me teper ndiqni intervisten ne videon me poshte:<\/p>\n","protected":false},"author":1,"featured_media":14889,"comment_status":"closed","ping_status":"closed","sticky":false,"template":"","format":"standard","meta":{"cybocfi_hide_featured_image":"","footnotes":""},"categories":[1152,1153,2471,1149,1151,1150,1154,1119,2451],"tags":[968,969],"yst_prominent_words":[],"class_list":["post-14887","post","type-post","status-publish","format-standard","has-post-thumbnail","hentry","category-apartament-me-qera","category-apartamente-ne-shitje","category-apartamente-me-qera-ditore","category-shtepi-me-qera","category-apartamente-ne-tirane","category-shtepi-ne-shitje","category-vila-me-qera","category-vleresim-prone","category-vleresues-i-pasurive-te-paluajtshme","tag-apartament-me-qera","tag-shtepi-me-qera"],"translation":{"provider":"WPGlobus","version":"2.12.2","language":"al","enabled_languages":["en","al"],"languages":{"en":{"title":true,"content":true,"excerpt":false},"al":{"title":false,"content":false,"excerpt":false}}},"_links":{"self":[{"href":"https:\/\/www.perla.al\/al\/wp-json\/wp\/v2\/posts\/14887"}],"collection":[{"href":"https:\/\/www.perla.al\/al\/wp-json\/wp\/v2\/posts"}],"about":[{"href":"https:\/\/www.perla.al\/al\/wp-json\/wp\/v2\/types\/post"}],"author":[{"embeddable":true,"href":"https:\/\/www.perla.al\/al\/wp-json\/wp\/v2\/users\/1"}],"replies":[{"embeddable":true,"href":"https:\/\/www.perla.al\/al\/wp-json\/wp\/v2\/comments?post=14887"}],"version-history":[{"count":0,"href":"https:\/\/www.perla.al\/al\/wp-json\/wp\/v2\/posts\/14887\/revisions"}],"wp:featuredmedia":[{"embeddable":true,"href":"https:\/\/www.perla.al\/al\/wp-json\/wp\/v2\/media\/14889"}],"wp:attachment":[{"href":"https:\/\/www.perla.al\/al\/wp-json\/wp\/v2\/media?parent=14887"}],"wp:term":[{"taxonomy":"category","embeddable":true,"href":"https:\/\/www.perla.al\/al\/wp-json\/wp\/v2\/categories?post=14887"},{"taxonomy":"post_tag","embeddable":true,"href":"https:\/\/www.perla.al\/al\/wp-json\/wp\/v2\/tags?post=14887"},{"taxonomy":"yst_prominent_words","embeddable":true,"href":"https:\/\/www.perla.al\/al\/wp-json\/wp\/v2\/yst_prominent_words?post=14887"}],"curies":[{"name":"wp","href":"https:\/\/api.w.org\/{rel}","templated":true}]}}