{"id":15452,"date":"2021-10-09T23:42:01","date_gmt":"2021-10-09T21:42:01","guid":{"rendered":"https:\/\/www.perla.al\/?p=15452"},"modified":"2021-12-23T21:56:46","modified_gmt":"2021-12-23T20:56:46","slug":"shkaku-e-rritjes-se-cmimit-ne-shtator-dhe-tetor-ervin-demirxhiu-perla-real-estate","status":"publish","type":"post","link":"https:\/\/www.perla.al\/al\/shkaku-e-rritjes-se-cmimit-ne-shtator-dhe-tetor-ervin-demirxhiu-perla-real-estate\/","title":{"rendered":"Shkaku e rritjes s\u00eb \u00e7mimit n\u00eb shtator dhe tetor &#8211; Ervin Demirxhiu &#8211; Perla Real Estate"},"content":{"rendered":"<h2>Nje opinion nga Vler\u00ebsuesi i pasurive te paluajtshme Ervin Demirxhiu, \u00a0\u00a0 mbi shkakun e rritjes s\u00eb \u00e7mimit n\u00eb shtator dhe tetor!<\/h2>\n<div class=\"iframe-wrapper\"><iframe loading=\"lazy\" title=\"Nj\u00eb opinion nga Vler\u00ebsuesi Ervin Demirxhiu mbi, shkakun e rritjes s\u00eb \u00e7mimit n\u00eb shtator dhe tetor!\" width=\"1778\" height=\"1000\" src=\"https:\/\/www.youtube.com\/embed\/MTZbVsoD0f4?feature=oembed\" frameborder=\"0\" allow=\"accelerometer; autoplay; clipboard-write; encrypted-media; gyroscope; picture-in-picture\" allowfullscreen><\/iframe><\/div>\n<p>&nbsp;<\/p>\n<p>&nbsp;<\/p>\n","protected":false},"excerpt":{"rendered":"<p>Nje opinion nga Vler\u00ebsuesi i pasurive te paluajtshme Ervin Demirxhiu, \u00a0\u00a0 mbi shkakun e rritjes s\u00eb \u00e7mimit n\u00eb shtator dhe tetor! &nbsp; &nbsp;<\/p>\n","protected":false},"author":1,"featured_media":15454,"comment_status":"open","ping_status":"open","sticky":false,"template":"","format":"standard","meta":{"cybocfi_hide_featured_image":"","footnotes":""},"categories":[142],"tags":[968,2274,1120,969,1127,2777],"yst_prominent_words":[],"class_list":["post-15452","post","type-post","status-publish","format-standard","has-post-thumbnail","hentry","category-uncategorized-en","tag-apartament-me-qera","tag-apartament-ne-shitje-tirane","tag-rivleresim-prone","tag-shtepi-me-qera","tag-perla-real-estate-apartamente-me-qera-apartamente-ne-shitje-shtepi-me-qera-shtepi-ne-shitje-vleresim-prone","tag-rivleresues-prone"],"translation":{"provider":"WPGlobus","version":"2.12.2","language":"al","enabled_languages":["en","al"],"languages":{"en":{"title":true,"content":true,"excerpt":false},"al":{"title":false,"content":false,"excerpt":false}}},"_links":{"self":[{"href":"https:\/\/www.perla.al\/al\/wp-json\/wp\/v2\/posts\/15452"}],"collection":[{"href":"https:\/\/www.perla.al\/al\/wp-json\/wp\/v2\/posts"}],"about":[{"href":"https:\/\/www.perla.al\/al\/wp-json\/wp\/v2\/types\/post"}],"author":[{"embeddable":true,"href":"https:\/\/www.perla.al\/al\/wp-json\/wp\/v2\/users\/1"}],"replies":[{"embeddable":true,"href":"https:\/\/www.perla.al\/al\/wp-json\/wp\/v2\/comments?post=15452"}],"version-history":[{"count":0,"href":"https:\/\/www.perla.al\/al\/wp-json\/wp\/v2\/posts\/15452\/revisions"}],"wp:featuredmedia":[{"embeddable":true,"href":"https:\/\/www.perla.al\/al\/wp-json\/wp\/v2\/media\/15454"}],"wp:attachment":[{"href":"https:\/\/www.perla.al\/al\/wp-json\/wp\/v2\/media?parent=15452"}],"wp:term":[{"taxonomy":"category","embeddable":true,"href":"https:\/\/www.perla.al\/al\/wp-json\/wp\/v2\/categories?post=15452"},{"taxonomy":"post_tag","embeddable":true,"href":"https:\/\/www.perla.al\/al\/wp-json\/wp\/v2\/tags?post=15452"},{"taxonomy":"yst_prominent_words","embeddable":true,"href":"https:\/\/www.perla.al\/al\/wp-json\/wp\/v2\/yst_prominent_words?post=15452"}],"curies":[{"name":"wp","href":"https:\/\/api.w.org\/{rel}","templated":true}]}}