{"id":15590,"date":"2021-11-23T19:54:03","date_gmt":"2021-11-23T18:54:03","guid":{"rendered":"https:\/\/www.perla.al\/?p=15590"},"modified":"2021-12-23T11:16:02","modified_gmt":"2021-12-23T10:16:02","slug":"tirane-fluturojne-qirate-rriten-me-15-20-studentet-u-rikthehen-konvikteve","status":"publish","type":"post","link":"https:\/\/www.perla.al\/al\/tirane-fluturojne-qirate-rriten-me-15-20-studentet-u-rikthehen-konvikteve\/","title":{"rendered":"Fluturojn\u00eb qirat\u00eb n\u00eb Tiran\u00eb:  Rriten me 15-20%, student\u00ebt po i rikthehen konviktit"},"content":{"rendered":"<p>Ne nje interviste e dhene per Ora-News nga Eksperti imobilar Ervin Demirxhiu ne lidhje me rritjen ekspotenciale te cmimit te qerave ne Tirane:<\/p>\n<p>Qirat\u00eb e banesave n\u00eb Tiran\u00eb jan\u00eb rritur me 15-20% vitin e fundit, nd\u00ebrsa ky ndryshim vihet re edhe n\u00eb zonat periferike, ku \u00e7mimet kan\u00eb qen\u00eb m\u00eb ekonomike. M\u00eb t\u00eb k\u00ebrkuarat jan\u00eb apartamentet 1+1 nd\u00ebrsa ekspert\u00ebt thon\u00eb se \u00e7mimet e larta t\u00eb qirave dhe shitjes s\u00eb banesdave, lidhen me nd\u00ebrtimet pa kriter, dhe dyshimet p\u00ebr lidhjen e k\u00ebtij sektori me pastrimin e parave.<\/p>\n<p>Qirat\u00eb e panesave jan\u00eb rritur me 15-20% gjat\u00eb vitit t\u00eb fundit n\u00eb tiran\u00eb duke shtuar kostot e jetes\u00ebs p\u00ebr qytetar\u00ebt.<\/p>\n<p>Vler\u00ebsuesi i pasurive t\u00eb paluajtshme, Ervin Demirxhiu, thot\u00eb se kjo rritje \u00ebsht\u00eb v\u00ebn\u00eb re n\u00eb \u00e7do zon\u00eb t\u00eb kryeqytetit, edhe atje ku dikur kan\u00eb qen\u00eb \u00e7mimet favorizuese.<\/p>\n<p>&#8220;Duke qen\u00eb se qendra ka pasur rritje reflekton n\u00eb rritje edhe n\u00eb periferi.&#8221;<\/p>\n<p>M\u00eb t\u00eb k\u00ebrkuarat jan\u00eb apartamentet 1+1.<\/p>\n<p>&#8220;Kryesisht 1+1 ec\u00ebn m\u00eb shum\u00eb, ka nj\u00eb \u00e7mim m\u00eb ekonomik&#8221;.<\/p>\n<p>P\u00ebr ekspert\u00ebt e ekonomis\u00eb, ky trend i rritjes s\u00eb \u00e7mimit, lidhet me bumin e nd\u00ebrtimeve, por edhe me dyshimet se parat\u00eb e nd\u00ebrtimeve jan\u00eb informale.<\/p>\n<p>&#8220;Bashkia e Tiran\u00ebs ka dh\u00ebn\u00eb n\u00eb dy vitet e fundit 4.5 milion metra katror\u00eb leje p\u00ebr nd\u00ebrtime t\u00eb reja duke p\u00ebrfshir\u00eb disa kulla t\u00eb cilat n\u00eb analiza t\u00eb ndryshme, duke p\u00ebrfshir\u00eb agjencit\u00eb monitoruese t\u00eb pastrimit t\u00eb parave, flasin p\u00ebr mund\u00ebsi t\u00eb k\u00ebtij fenomeni n\u00eb k\u00ebt\u00eb sektor.&#8221;<\/p>\n<p>P\u00ebr m\u00eb shum\u00eb lexoni n\u00eb: https:\/\/www.oranews.tv\/vendi\/tirane-qirate-rriten-me-15-20-studentet-u-rikthehen-konvikteve-i1018320<\/p>\n<p>si dhe <strong>videon:\u00a0\u00a0<a href=\"https:\/\/www.youtube.com\/watch?v=_MJsuCDO-CE\">https:\/\/www.youtube.com\/watch?v=_MJsuCDO-CE<\/a><\/strong><\/p>\n<p>&nbsp;<\/p>\n<div class=\"iframe-wrapper\"><iframe loading=\"lazy\" title=\"Tiran\u00eb: &#039;Fluturojn\u00eb qirat\u00eb. Rriten me 15-20%, student\u00ebt u rikthehen konvikteve\" width=\"1778\" height=\"1000\" src=\"https:\/\/www.youtube.com\/embed\/_MJsuCDO-CE?feature=oembed\" frameborder=\"0\" allow=\"accelerometer; autoplay; clipboard-write; encrypted-media; gyroscope; picture-in-picture\" allowfullscreen><\/iframe><\/div>\n<p>&nbsp;<\/p>\n","protected":false},"excerpt":{"rendered":"<p>Ne nje interviste e dhene per Ora-News nga Eksperti imobilar Ervin Demirxhiu ne lidhje me rritjen ekspotenciale te cmimit te qerave ne Tirane: Qirat\u00eb e banesave n\u00eb Tiran\u00eb jan\u00eb rritur me 15-20% vitin e fundit, nd\u00ebrsa ky ndryshim vihet re edhe n\u00eb zonat periferike, ku \u00e7mimet kan\u00eb qen\u00eb m\u00eb ekonomike. M\u00eb t\u00eb k\u00ebrkuarat jan\u00eb apartamentet [&hellip;]<\/p>\n","protected":false},"author":1,"featured_media":15593,"comment_status":"open","ping_status":"open","sticky":false,"template":"","format":"standard","meta":{"cybocfi_hide_featured_image":"","footnotes":""},"categories":[1152,1153,2471,1149,1151,1150,1154,1119,2451,2281],"tags":[968,2277,1120,969,966,2777,1124,2452],"yst_prominent_words":[2213,2230,2232,1291,1274],"class_list":["post-15590","post","type-post","status-publish","format-standard","has-post-thumbnail","hentry","category-apartament-me-qera","category-apartamente-ne-shitje","category-apartamente-me-qera-ditore","category-shtepi-me-qera","category-apartamente-ne-tirane","category-shtepi-ne-shitje","category-vila-me-qera","category-vleresim-prone","category-vleresues-i-pasurive-te-paluajtshme","category-vleresues-pronash","tag-apartament-me-qera","tag-apartamente-me-qera-2","tag-rivleresim-prone","tag-shtepi-me-qera","tag-apartamente-ne-shitje","tag-rivleresues-prone","tag-shtepi-ne-shitje","tag-vleresues-i-pasurive-te-paluajtshme"],"translation":{"provider":"WPGlobus","version":"2.12.2","language":"al","enabled_languages":["en","al"],"languages":{"en":{"title":true,"content":true,"excerpt":false},"al":{"title":false,"content":false,"excerpt":false}}},"_links":{"self":[{"href":"https:\/\/www.perla.al\/al\/wp-json\/wp\/v2\/posts\/15590"}],"collection":[{"href":"https:\/\/www.perla.al\/al\/wp-json\/wp\/v2\/posts"}],"about":[{"href":"https:\/\/www.perla.al\/al\/wp-json\/wp\/v2\/types\/post"}],"author":[{"embeddable":true,"href":"https:\/\/www.perla.al\/al\/wp-json\/wp\/v2\/users\/1"}],"replies":[{"embeddable":true,"href":"https:\/\/www.perla.al\/al\/wp-json\/wp\/v2\/comments?post=15590"}],"version-history":[{"count":0,"href":"https:\/\/www.perla.al\/al\/wp-json\/wp\/v2\/posts\/15590\/revisions"}],"wp:featuredmedia":[{"embeddable":true,"href":"https:\/\/www.perla.al\/al\/wp-json\/wp\/v2\/media\/15593"}],"wp:attachment":[{"href":"https:\/\/www.perla.al\/al\/wp-json\/wp\/v2\/media?parent=15590"}],"wp:term":[{"taxonomy":"category","embeddable":true,"href":"https:\/\/www.perla.al\/al\/wp-json\/wp\/v2\/categories?post=15590"},{"taxonomy":"post_tag","embeddable":true,"href":"https:\/\/www.perla.al\/al\/wp-json\/wp\/v2\/tags?post=15590"},{"taxonomy":"yst_prominent_words","embeddable":true,"href":"https:\/\/www.perla.al\/al\/wp-json\/wp\/v2\/yst_prominent_words?post=15590"}],"curies":[{"name":"wp","href":"https:\/\/api.w.org\/{rel}","templated":true}]}}