{"id":15990,"date":"2022-03-15T07:37:32","date_gmt":"2022-03-15T06:37:32","guid":{"rendered":"https:\/\/www.perla.al\/?p=15990"},"modified":"2022-03-15T07:50:07","modified_gmt":"2022-03-15T06:50:07","slug":"cmimet-e-banesave-kapin-majat-nga-ervin-demirxhiu-per-mcn_tv","status":"publish","type":"post","link":"https:\/\/www.perla.al\/al\/cmimet-e-banesave-kapin-majat-nga-ervin-demirxhiu-per-mcn_tv\/","title":{"rendered":"\u00c7mimet e banesave kapin majat \u2013 nga Ervin Demirxhiu per MCN_TV"},"content":{"rendered":"<p>\u00c7mimet e banesave n\u00eb Tiran\u00eb kan\u00eb njohur vlera rekord.<\/p>\n<p>Eksperti i tregut t\u00eb apartamenteve, Ervin Demirxhiu thot\u00eb p\u00ebr MCN se pavar\u00ebsisht kostove t\u00eb shtuara,<\/p>\n<p>ky nivel i lart\u00eb \u00ebsht\u00eb i pajustifikuesh\u00ebm.<\/p>\n<p>per me teper ndiqni linkun me poshte:<\/p>\n<p><strong><a href=\"http:\/\/www.ekranet.com\/embed\/hAvKuP8n9lHMJsY\/640x360\">www.ekranet.com\/embed\/hAvKuP8n9lHMJsY\/640&#215;360<\/a>\u200b<\/strong><\/p>\n","protected":false},"excerpt":{"rendered":"<p>\u00c7mimet e banesave n\u00eb Tiran\u00eb kan\u00eb njohur vlera rekord. Eksperti i tregut t\u00eb apartamenteve, Ervin Demirxhiu thot\u00eb p\u00ebr MCN se pavar\u00ebsisht kostove t\u00eb shtuara, ky nivel i lart\u00eb \u00ebsht\u00eb i pajustifikuesh\u00ebm. per me teper ndiqni linkun me poshte: www.ekranet.com\/embed\/hAvKuP8n9lHMJsY\/640&#215;360\u200b<\/p>\n","protected":false},"author":1,"featured_media":15993,"comment_status":"open","ping_status":"open","sticky":false,"template":"","format":"standard","meta":{"cybocfi_hide_featured_image":"","footnotes":""},"categories":[1152,1153,2471,1149,1151,1150,1154,2451],"tags":[968,2274,2277,969],"yst_prominent_words":[1134],"class_list":["post-15990","post","type-post","status-publish","format-standard","has-post-thumbnail","hentry","category-apartament-me-qera","category-apartamente-ne-shitje","category-apartamente-me-qera-ditore","category-shtepi-me-qera","category-apartamente-ne-tirane","category-shtepi-ne-shitje","category-vila-me-qera","category-vleresues-i-pasurive-te-paluajtshme","tag-apartament-me-qera","tag-apartament-ne-shitje-tirane","tag-apartamente-me-qera-2","tag-shtepi-me-qera"],"translation":{"provider":"WPGlobus","version":"2.12.2","language":"al","enabled_languages":["en","al"],"languages":{"en":{"title":true,"content":true,"excerpt":false},"al":{"title":true,"content":true,"excerpt":false}}},"_links":{"self":[{"href":"https:\/\/www.perla.al\/al\/wp-json\/wp\/v2\/posts\/15990"}],"collection":[{"href":"https:\/\/www.perla.al\/al\/wp-json\/wp\/v2\/posts"}],"about":[{"href":"https:\/\/www.perla.al\/al\/wp-json\/wp\/v2\/types\/post"}],"author":[{"embeddable":true,"href":"https:\/\/www.perla.al\/al\/wp-json\/wp\/v2\/users\/1"}],"replies":[{"embeddable":true,"href":"https:\/\/www.perla.al\/al\/wp-json\/wp\/v2\/comments?post=15990"}],"version-history":[{"count":0,"href":"https:\/\/www.perla.al\/al\/wp-json\/wp\/v2\/posts\/15990\/revisions"}],"wp:featuredmedia":[{"embeddable":true,"href":"https:\/\/www.perla.al\/al\/wp-json\/wp\/v2\/media\/15993"}],"wp:attachment":[{"href":"https:\/\/www.perla.al\/al\/wp-json\/wp\/v2\/media?parent=15990"}],"wp:term":[{"taxonomy":"category","embeddable":true,"href":"https:\/\/www.perla.al\/al\/wp-json\/wp\/v2\/categories?post=15990"},{"taxonomy":"post_tag","embeddable":true,"href":"https:\/\/www.perla.al\/al\/wp-json\/wp\/v2\/tags?post=15990"},{"taxonomy":"yst_prominent_words","embeddable":true,"href":"https:\/\/www.perla.al\/al\/wp-json\/wp\/v2\/yst_prominent_words?post=15990"}],"curies":[{"name":"wp","href":"https:\/\/api.w.org\/{rel}","templated":true}]}}