{"id":16933,"date":"2022-04-27T04:41:03","date_gmt":"2022-04-27T02:41:03","guid":{"rendered":"https:\/\/www.perla.al\/?p=16933"},"modified":"2022-04-27T04:46:15","modified_gmt":"2022-04-27T02:46:15","slug":"afatet-e-rivleresimit-te-prones","status":"publish","type":"post","link":"https:\/\/www.perla.al\/al\/afatet-e-rivleresimit-te-prones\/","title":{"rendered":"Afatet e Rivleresimit te Prones"},"content":{"rendered":"<h3>Cilat jan\u00eb penalitet n\u00ebse nuk behet rivler\u00ebsimi i pron\u00ebs brenda 30 prillit 2022,<\/h3>\n<h3>Per me teper ndiqni intervisten e plote te dhene per RTSH ne emisionin \u201cMir\u00ebm\u00ebngjes Shqip\u00ebri\u201d.<\/h3>\n<div class=\"iframe-wrapper\"><iframe loading=\"lazy\" title=\"Cilat jan\u00eb penalitet n\u00ebse nuk behet rivler\u00ebsimi i pron\u00ebs brenda 30 prillit | \u201cMir\u00ebm\u00ebngjes Shqip\u00ebri\u201d\" width=\"1778\" height=\"1000\" src=\"https:\/\/www.youtube.com\/embed\/PGWwEuMzftA?feature=oembed\" frameborder=\"0\" allow=\"accelerometer; autoplay; clipboard-write; encrypted-media; gyroscope; picture-in-picture\" allowfullscreen><\/iframe><\/div>\n","protected":false},"excerpt":{"rendered":"<p>Cilat jan\u00eb penalitet n\u00ebse nuk behet rivler\u00ebsimi i pron\u00ebs brenda 30 prillit 2022, Per me teper ndiqni intervisten e plote te dhene per RTSH ne emisionin \u201cMir\u00ebm\u00ebngjes Shqip\u00ebri\u201d.<\/p>\n","protected":false},"author":1,"featured_media":16936,"comment_status":"open","ping_status":"open","sticky":false,"template":"","format":"standard","meta":{"cybocfi_hide_featured_image":"","footnotes":""},"categories":[1152,1153,1149,1151,1150,1154,1119,2451,2281],"tags":[968,2274,1120,969,2850,2829,2777,2936,2935,2937],"yst_prominent_words":[],"class_list":["post-16933","post","type-post","status-publish","format-standard","has-post-thumbnail","hentry","category-apartament-me-qera","category-apartamente-ne-shitje","category-shtepi-me-qera","category-apartamente-ne-tirane","category-shtepi-ne-shitje","category-vila-me-qera","category-vleresim-prone","category-vleresues-i-pasurive-te-paluajtshme","category-vleresues-pronash","tag-apartament-me-qera","tag-apartament-ne-shitje-tirane","tag-rivleresim-prone","tag-shtepi-me-qera","tag-apartament-me-qera-ditore","tag-apartament-me-qira-tirane","tag-rivleresues-prone","tag-shitet-shtepi-ne-tirane","tag-shtepi-me-qera-tirane","tag-shtepi-ne-shitje-ne-tirane"],"translation":{"provider":"WPGlobus","version":"2.12.2","language":"al","enabled_languages":["en","al"],"languages":{"en":{"title":true,"content":true,"excerpt":false},"al":{"title":false,"content":false,"excerpt":false}}},"_links":{"self":[{"href":"https:\/\/www.perla.al\/al\/wp-json\/wp\/v2\/posts\/16933"}],"collection":[{"href":"https:\/\/www.perla.al\/al\/wp-json\/wp\/v2\/posts"}],"about":[{"href":"https:\/\/www.perla.al\/al\/wp-json\/wp\/v2\/types\/post"}],"author":[{"embeddable":true,"href":"https:\/\/www.perla.al\/al\/wp-json\/wp\/v2\/users\/1"}],"replies":[{"embeddable":true,"href":"https:\/\/www.perla.al\/al\/wp-json\/wp\/v2\/comments?post=16933"}],"version-history":[{"count":0,"href":"https:\/\/www.perla.al\/al\/wp-json\/wp\/v2\/posts\/16933\/revisions"}],"wp:featuredmedia":[{"embeddable":true,"href":"https:\/\/www.perla.al\/al\/wp-json\/wp\/v2\/media\/16936"}],"wp:attachment":[{"href":"https:\/\/www.perla.al\/al\/wp-json\/wp\/v2\/media?parent=16933"}],"wp:term":[{"taxonomy":"category","embeddable":true,"href":"https:\/\/www.perla.al\/al\/wp-json\/wp\/v2\/categories?post=16933"},{"taxonomy":"post_tag","embeddable":true,"href":"https:\/\/www.perla.al\/al\/wp-json\/wp\/v2\/tags?post=16933"},{"taxonomy":"yst_prominent_words","embeddable":true,"href":"https:\/\/www.perla.al\/al\/wp-json\/wp\/v2\/yst_prominent_words?post=16933"}],"curies":[{"name":"wp","href":"https:\/\/api.w.org\/{rel}","templated":true}]}}