{"id":17005,"date":"2022-05-03T20:42:36","date_gmt":"2022-05-03T18:42:36","guid":{"rendered":"https:\/\/www.perla.al\/?p=17005"},"modified":"2022-05-03T20:46:49","modified_gmt":"2022-05-03T18:46:49","slug":"kush-po-i-shtrenjton-apartamentet-flasin-ekspertet-ndikon-pastrimi-i-parave-dhe-kostot-e-rritura-te-materialeve-te-ndertimit","status":"publish","type":"post","link":"https:\/\/www.perla.al\/al\/kush-po-i-shtrenjton-apartamentet-flasin-ekspertet-ndikon-pastrimi-i-parave-dhe-kostot-e-rritura-te-materialeve-te-ndertimit\/","title":{"rendered":"Kush po i shtrejton banesat ne tirane?"},"content":{"rendered":"<p>N\u00eb 2021 duhet t\u00eb kishe 9% m\u00eb shum\u00eb para se n\u00eb 2020 q\u00eb t\u00eb blije nj\u00eb sht\u00ebpi, pasi \u00e7mimet po rriten nga viti n\u00eb vit. Ekspert\u00ebt e ekonomis\u00eb dhe t\u00eb tregut t\u00eb pasurive t\u00eb paluajtshme si faktor\u00ebt kryesor q\u00eb kan\u00eb sjell\u00eb k\u00ebt\u00eb shtrenjtim identifikojn\u00eb pastrimin e parave dhe kostot e rritura t\u00eb materialeve t\u00eb nd\u00ebrtimit.<\/p>\n<p>Rritja e \u00e7mimit t\u00eb apartamenteve me afro 9 p\u00ebr qind n\u00eb rang vendi, p\u00ebr ekspertin Zef Pre\u00e7i nuk reflekton luhatjet e tregut, por vjen si pasoj\u00eb e pastrimit t\u00eb parave. Nj\u00eb met\u00ebr katror n\u00eb periferi t\u00eb Tiran\u00ebs arrin 1000 euro, nd\u00ebrsa n\u00eb zonat pran\u00eb qendr\u00ebs deri mbi 2500 euro, \u00e7ka sipas Pre\u00e7it nuk reflekton k\u00ebrkes\u00eb-ofert\u00ebn por nevoj\u00ebn p\u00ebr formalizimin e paras\u00eb t\u00eb pis\u00ebt.<\/p>\n<p>Nd\u00ebrtimi ishte sektori i preferuar p\u00ebr t\u00eb pastruar parat\u00eb n\u00eb 2021, sipas nj\u00eb raporti t\u00eb Drejtoris\u00eb s\u00eb P\u00ebrgjithshme t\u00eb Parandalimit t\u00eb Pastrimit t\u00eb Parave, ku rastet m\u00eb t\u00eb shumta t\u00eb identifikuara ishin n\u00eb k\u00ebt\u00eb treg. Nd\u00ebrsa agjencit\u00eb imobiliare, shkakun e shtrenjtimit e shohin tek kostot e rritura t\u00eb materialeve t\u00eb nd\u00ebrtimit.<\/p>\n<p>\u201cNe si treg imobiliar u b\u00eb vite q\u00eb po p\u00ebrballemi me rritje t\u00eb \u00e7mimeve, por ky vit ka pasur \u00e7mime akoma m\u00eb t\u00eb rritura, i ndikuar direkt nga kostot e nd\u00ebrtimit dhe detyrimisht do t\u00eb reflektohet edhe tek \u00e7mimi i pron\u00ebs. N\u00eb moment q\u00eb shtrenjtohen apartamentet e reja, t\u00eb rriten edhe t\u00eb tjerat, pasi n\u00eb moment q\u00eb nuk blen dot nj\u00eb apartament me \u00e7mim 2000 euro metri katror, do t\u00eb shkosh tek ato q\u00eb jan\u00eb m\u00eb lir\u00eb dhe duke u rritur k\u00ebrkesa rritet dhe \u00e7mimi i tyre\u201d, thot\u00eb Ervin Demirxhiu.<\/p>\n<p>Sipas Bank\u00ebs s\u00eb Shqip\u00ebris\u00eb \u00e7mimet e apartamenteve n\u00eb vitin e kaluar u rrit\u00ebn me 9% n\u00eb raport me 2020, dhe vet\u00ebm n\u00eb Tiran\u00eb rritja ishte 12.3%.<\/p>\n<div class=\"iframe-wrapper\"><iframe loading=\"lazy\" title=\"Kush po i shtrenjton apartamentet? Flasin ekspert\u00ebt: Ndikon pastrimi i parave\" width=\"1778\" height=\"1000\" src=\"https:\/\/www.youtube.com\/embed\/5kxq7PsvNBE?feature=oembed\" frameborder=\"0\" allow=\"accelerometer; autoplay; clipboard-write; encrypted-media; gyroscope; picture-in-picture\" allowfullscreen><\/iframe><\/div>\n<p>interviste e dhene per Shqiptarja.com :https:\/\/www.youtube.com\/watch?v=5kxq7PsvNBE<br \/>\n@ SI.E.\/r.k.\/Shqiptarja.com .<\/p>\n","protected":false},"excerpt":{"rendered":"<p>N\u00eb 2021 duhet t\u00eb kishe 9% m\u00eb shum\u00eb para se n\u00eb 2020 q\u00eb t\u00eb blije nj\u00eb sht\u00ebpi, pasi \u00e7mimet po rriten nga viti n\u00eb vit. Ekspert\u00ebt e ekonomis\u00eb dhe t\u00eb tregut t\u00eb pasurive t\u00eb paluajtshme si faktor\u00ebt kryesor q\u00eb kan\u00eb sjell\u00eb k\u00ebt\u00eb shtrenjtim identifikojn\u00eb pastrimin e parave dhe kostot e rritura t\u00eb materialeve t\u00eb nd\u00ebrtimit. [&hellip;]<\/p>\n","protected":false},"author":1,"featured_media":17007,"comment_status":"open","ping_status":"open","sticky":false,"template":"","format":"standard","meta":{"cybocfi_hide_featured_image":"","footnotes":""},"categories":[1152,1153,1149,1151,1150,1154,1119],"tags":[968,2274,2277,969,2829,2827,966],"yst_prominent_words":[],"class_list":["post-17005","post","type-post","status-publish","format-standard","has-post-thumbnail","hentry","category-apartament-me-qera","category-apartamente-ne-shitje","category-shtepi-me-qera","category-apartamente-ne-tirane","category-shtepi-ne-shitje","category-vila-me-qera","category-vleresim-prone","tag-apartament-me-qera","tag-apartament-ne-shitje-tirane","tag-apartamente-me-qera-2","tag-shtepi-me-qera","tag-apartament-me-qira-tirane","tag-apartamente-me-qera-tirane","tag-apartamente-ne-shitje"],"translation":{"provider":"WPGlobus","version":"2.12.2","language":"al","enabled_languages":["en","al"],"languages":{"en":{"title":true,"content":true,"excerpt":false},"al":{"title":true,"content":true,"excerpt":false}}},"_links":{"self":[{"href":"https:\/\/www.perla.al\/al\/wp-json\/wp\/v2\/posts\/17005"}],"collection":[{"href":"https:\/\/www.perla.al\/al\/wp-json\/wp\/v2\/posts"}],"about":[{"href":"https:\/\/www.perla.al\/al\/wp-json\/wp\/v2\/types\/post"}],"author":[{"embeddable":true,"href":"https:\/\/www.perla.al\/al\/wp-json\/wp\/v2\/users\/1"}],"replies":[{"embeddable":true,"href":"https:\/\/www.perla.al\/al\/wp-json\/wp\/v2\/comments?post=17005"}],"version-history":[{"count":0,"href":"https:\/\/www.perla.al\/al\/wp-json\/wp\/v2\/posts\/17005\/revisions"}],"wp:featuredmedia":[{"embeddable":true,"href":"https:\/\/www.perla.al\/al\/wp-json\/wp\/v2\/media\/17007"}],"wp:attachment":[{"href":"https:\/\/www.perla.al\/al\/wp-json\/wp\/v2\/media?parent=17005"}],"wp:term":[{"taxonomy":"category","embeddable":true,"href":"https:\/\/www.perla.al\/al\/wp-json\/wp\/v2\/categories?post=17005"},{"taxonomy":"post_tag","embeddable":true,"href":"https:\/\/www.perla.al\/al\/wp-json\/wp\/v2\/tags?post=17005"},{"taxonomy":"yst_prominent_words","embeddable":true,"href":"https:\/\/www.perla.al\/al\/wp-json\/wp\/v2\/yst_prominent_words?post=17005"}],"curies":[{"name":"wp","href":"https:\/\/api.w.org\/{rel}","templated":true}]}}