{"id":17103,"date":"2022-05-06T10:56:10","date_gmt":"2022-05-06T08:56:10","guid":{"rendered":"https:\/\/www.perla.al\/?p=17103"},"modified":"2022-05-06T11:09:51","modified_gmt":"2022-05-06T09:09:51","slug":"demirxhiu-ne-rast-se-shesim-pronen-paguajme-15-te-vleres","status":"publish","type":"post","link":"https:\/\/www.perla.al\/al\/demirxhiu-ne-rast-se-shesim-pronen-paguajme-15-te-vleres\/","title":{"rendered":"Demirxhiu: N\u00eb rast se shesim pron\u00ebn paguajm\u00eb 15% t\u00eb vler\u00ebs"},"content":{"rendered":"<p>Eksperti Vler\u00ebsues i Pasurive t\u00eb Paluajtshme, Ervin Demirxhiu n\u00eb studion e lajmeve n\u00eb MCN Ecomony deklaroi se procesi i vler\u00ebsimit ka ecur mjaft mir\u00eb, nd\u00ebrsa b\u00ebri me dije se aplikimet jan\u00eb mbyllur m\u00eb 30 prill.<\/p>\n<p>Ai tha se p\u00ebr ata q\u00eb nuk kan\u00eb mundur t\u00eb b\u00ebjn\u00eb aplikimin nuk ka masa nd\u00ebshkimore, por sipas tij n\u00eb rast se shesin pron\u00ebn do t\u00eb paguajn\u00eb 15% t\u00eb vler\u00ebs.<\/p>\n<p>Procesi vler\u00ebsimit ka ecur mjaft mir\u00eb ka pasur nd\u00ebrgjegj\u00ebsim t\u00eb qytetar\u00ebve. U mbyll si aplikim n\u00eb 30 prill, por akoma s\u2019ka p\u00ebrfunduar si proces dhe kan\u00eb afat deri n\u00eb 30 korrik p\u00ebr t\u00eb b\u00ebr\u00eb pages\u00ebn. Tani jemi n\u00eb koh\u00eb p\u00ebr t\u00eb paguar sepse aplikimi \u00ebsht\u00eb mbyllur. Nuk ka masa nd\u00ebshkimore, por thjesht nuk p\u00ebrfiton n\u00ebse do b\u00ebhej nj\u00eb rivler\u00ebsim i pron\u00ebs. Pra n\u00ebse shesim nj\u00eb pron\u00eb do paguajm\u00eb 15% q\u00eb \u00ebsht\u00eb tatim fitim.  N\u00ebse e kemi nj\u00eb pron\u00eb me vler\u00eb reale 100 mij\u00eb euro tani \u00ebsht\u00eb 150 mij\u00eb euro, tatohet 50, pra kishe mund\u00ebsin\u00eb ta tatoje me 3% dhe tani do tatohet me 15%.Probleme nuk \u00ebsht\u00eb se hasim shum\u00eb probleme n\u00eb procesin e rivler\u00ebsimit sepse kemi t\u00eb gjith\u00eb dokumentacionin e nevojsh\u00ebm. Pastaj problematika ndoshta pak n\u00eb kthimin e p\u00ebrgjigjeve n\u00eb hipoteka si vonesat. Penalizime nuk ka, por nuk p\u00ebrfitojn\u00eb dot nga ky proces. Roli i vler\u00ebsuesit t\u00eb pronave \u00ebsht\u00eb n\u00eb vijim\u00ebsi p\u00ebr t\u00eb vler\u00ebsuar pronat, gjykatat dhe institucionet e  tjera, individ\u00ebt, kompanit\u00eb e sigurimit.<\/p>\n<p>Sa i p\u00ebrket rolit t\u00eb nd\u00ebrmjet\u00ebsuesit, Demirxhiu tha se duhet nj\u00eb person i mir\u00eb trajnuar dhe do t\u00eb jesh ok me veten, klientin dhe shtetin.<\/p>\n<p>Per me teper ndiqni videon:   <a href=\"https:\/\/www.facebook.com\/watch\/?v=287309403487215&#038;extid=WA-UNK-UNK-UNK-AN_GK0T-GK1C&#038;ref=sharing\"><strong>Video e plote<\/strong><\/a><br \/>\n<a href=\"https:\/\/www.facebook.com\/watch\/?v=287309403487215&#038;extid=WA-UNK-UNK-UNK-AN_GK0T-GK1C&#038;ref=sharing\">https:\/\/www.facebook.com\/watch\/?v=287309403487215&#038;extid=WA-UNK-UNK-UNK-AN_GK0T-GK1C&#038;ref=sharing<\/a><br \/>\nintervist e dhene per mcntv<br \/>\n@mcntv.al<\/p>\n","protected":false},"excerpt":{"rendered":"<p>Eksperti Vler\u00ebsues i Pasurive t\u00eb Paluajtshme, Ervin Demirxhiu n\u00eb studion e lajmeve n\u00eb MCN Ecomony deklaroi se procesi i vler\u00ebsimit ka ecur mjaft mir\u00eb, nd\u00ebrsa b\u00ebri me dije se aplikimet jan\u00eb mbyllur m\u00eb 30 prill. Ai tha se p\u00ebr ata q\u00eb nuk kan\u00eb mundur t\u00eb b\u00ebjn\u00eb aplikimin nuk ka masa nd\u00ebshkimore, por sipas tij n\u00eb [&hellip;]<\/p>\n","protected":false},"author":1,"featured_media":17109,"comment_status":"open","ping_status":"open","sticky":false,"template":"","format":"standard","meta":{"cybocfi_hide_featured_image":"","footnotes":""},"categories":[1152,1153,1149,1151,1150,1154,1119,2451],"tags":[968,2274,2277,1120,2850,966,1128,1127,2777,2273,2936,1123,1129],"yst_prominent_words":[1337],"class_list":["post-17103","post","type-post","status-publish","format-standard","has-post-thumbnail","hentry","category-apartament-me-qera","category-apartamente-ne-shitje","category-shtepi-me-qera","category-apartamente-ne-tirane","category-shtepi-ne-shitje","category-vila-me-qera","category-vleresim-prone","category-vleresues-i-pasurive-te-paluajtshme","tag-apartament-me-qera","tag-apartament-ne-shitje-tirane","tag-apartamente-me-qera-2","tag-rivleresim-prone","tag-apartament-me-qera-ditore","tag-apartamente-ne-shitje","tag-apartamente-per-shitje","tag-perla-real-estate-apartamente-me-qera-apartamente-ne-shitje-shtepi-me-qera-shtepi-ne-shitje-vleresim-prone","tag-rivleresues-prone","tag-shitet-apartament-ne-tirane","tag-shitet-shtepi-ne-tirane","tag-shpi-me-qera","tag-vila-me-qera"],"translation":{"provider":"WPGlobus","version":"2.12.2","language":"al","enabled_languages":["en","al"],"languages":{"en":{"title":true,"content":true,"excerpt":false},"al":{"title":true,"content":true,"excerpt":false}}},"_links":{"self":[{"href":"https:\/\/www.perla.al\/al\/wp-json\/wp\/v2\/posts\/17103"}],"collection":[{"href":"https:\/\/www.perla.al\/al\/wp-json\/wp\/v2\/posts"}],"about":[{"href":"https:\/\/www.perla.al\/al\/wp-json\/wp\/v2\/types\/post"}],"author":[{"embeddable":true,"href":"https:\/\/www.perla.al\/al\/wp-json\/wp\/v2\/users\/1"}],"replies":[{"embeddable":true,"href":"https:\/\/www.perla.al\/al\/wp-json\/wp\/v2\/comments?post=17103"}],"version-history":[{"count":0,"href":"https:\/\/www.perla.al\/al\/wp-json\/wp\/v2\/posts\/17103\/revisions"}],"wp:featuredmedia":[{"embeddable":true,"href":"https:\/\/www.perla.al\/al\/wp-json\/wp\/v2\/media\/17109"}],"wp:attachment":[{"href":"https:\/\/www.perla.al\/al\/wp-json\/wp\/v2\/media?parent=17103"}],"wp:term":[{"taxonomy":"category","embeddable":true,"href":"https:\/\/www.perla.al\/al\/wp-json\/wp\/v2\/categories?post=17103"},{"taxonomy":"post_tag","embeddable":true,"href":"https:\/\/www.perla.al\/al\/wp-json\/wp\/v2\/tags?post=17103"},{"taxonomy":"yst_prominent_words","embeddable":true,"href":"https:\/\/www.perla.al\/al\/wp-json\/wp\/v2\/yst_prominent_words?post=17103"}],"curies":[{"name":"wp","href":"https:\/\/api.w.org\/{rel}","templated":true}]}}