{"id":21161,"date":"2023-03-07T04:47:25","date_gmt":"2023-03-07T03:47:25","guid":{"rendered":"https:\/\/www.perla.al\/?p=21161"},"modified":"2023-03-07T11:37:48","modified_gmt":"2023-03-07T10:37:48","slug":"vleresim-prone","status":"publish","type":"post","link":"https:\/\/www.perla.al\/al\/vleresim-prone\/","title":{"rendered":"Vleresim Prone"},"content":{"rendered":"<div class=\"wpb_text_column wpb_content_element wpb_animate_when_almost_visible wpb_fadeInRight fadeInRight mh-font-size-m wpb_start_animation animated\">\n<div class=\"wpb_wrapper\">\n<p><strong>PERLA REAL ESTATE,\u00a0 <\/strong>me nj\u00eb experienc\u00eb disa vje\u00e7are n\u00eb <strong>VLER\u00cbSIMIN E PASURIVE T\u00cb PALUAJTSHME<\/strong> ju vjen n\u00eb ndihm\u00eb klienteve t\u00eb saj me ekspert\u00ebt e m\u00eb t\u00eb mir\u00eb t\u00eb fush\u00ebs.<\/p>\n<p>Trajtojm\u00eb \u00e7do pron\u00eb me prioritet, japim opinionin ton\u00eb p\u00ebr maksimizimin e fitimit duke b\u00ebr\u00eb nj\u00eb vler\u00ebsim dhe analiz\u00eb t\u00eb plot\u00eb t\u00eb prone p\u00ebr shitje apo qira, si dhe p\u00ebr p\u00ebrdorime t\u00eb ndryshme, kompensime, ndarje pasurie, p\u00ebr efekt sigurimesh, ndarje trashigimie, prona t\u00eb amortizuara etj.<\/p>\n<p>N\u00eb praktiken e pun\u00ebs son\u00eb ne Bazohemi n\u00eb Standartet Europiane (EVS) dhe Standartet Nd\u00ebrkomb\u00ebtare (IVS) n\u00eb munges\u00eb t\u00eb Standarteve Shqiptare.<\/p>\n<p>&nbsp;<\/p>\n<p>Realizojm\u00eb nj\u00eb gam\u00eb t\u00eb gjer\u00eb vler\u00ebsimesh si:<\/p>\n<ul>\n<li>Apartamente<\/li>\n<li>Sht\u00ebpi private<\/li>\n<li>Vila<\/li>\n<li>Dyqane<\/li>\n<li>Lokale<\/li>\n<li>Kapanone<\/li>\n<li>Objekte industrial (private apo shtet\u00ebrore)<\/li>\n<li>Prona komplekse<\/li>\n<li>Tok\u00eb truall<\/li>\n<li>Tok\u00eb bujq\u00ebsore<\/li>\n<li>Pyje, etj.<\/li>\n<\/ul>\n<p><img loading=\"lazy\" decoding=\"async\" class=\"alignnone wp-image-21141 size-large\" src=\"https:\/\/www.perla.al\/wp-content\/uploads\/2017\/12\/rivlersim-576x1024.jpg\" alt=\"\" width=\"576\" height=\"1024\" srcset=\"https:\/\/www.perla.al\/wp-content\/uploads\/2017\/12\/rivlersim-576x1024.jpg 576w, https:\/\/www.perla.al\/wp-content\/uploads\/2017\/12\/rivlersim-169x300.jpg 169w, https:\/\/www.perla.al\/wp-content\/uploads\/2017\/12\/rivlersim-768x1365.jpg 768w, https:\/\/www.perla.al\/wp-content\/uploads\/2017\/12\/rivlersim-864x1536.jpg 864w, https:\/\/www.perla.al\/wp-content\/uploads\/2017\/12\/rivlersim.jpg 900w\" sizes=\"(max-width: 576px) 100vw, 576px\" \/><\/p>\n<\/div>\n<\/div>\n","protected":false},"excerpt":{"rendered":"<p>PERLA REAL ESTATE,\u00a0 me nj\u00eb experienc\u00eb disa vje\u00e7are n\u00eb VLER\u00cbSIMIN E PASURIVE T\u00cb PALUAJTSHME ju vjen n\u00eb ndihm\u00eb klienteve t\u00eb saj me ekspert\u00ebt e m\u00eb t\u00eb mir\u00eb t\u00eb fush\u00ebs. Trajtojm\u00eb \u00e7do pron\u00eb me prioritet, japim opinionin ton\u00eb p\u00ebr maksimizimin e fitimit duke b\u00ebr\u00eb nj\u00eb vler\u00ebsim dhe analiz\u00eb t\u00eb plot\u00eb t\u00eb prone p\u00ebr shitje apo qira, [&hellip;]<\/p>\n","protected":false},"author":1,"featured_media":21156,"comment_status":"open","ping_status":"open","sticky":false,"template":"","format":"standard","meta":{"cybocfi_hide_featured_image":"yes","footnotes":""},"categories":[1119,2281],"tags":[1120,2777,2452,2280],"yst_prominent_words":[1145,1144,2039,1135,1136,1137,2102,1459,1159,1147,1134,1148],"class_list":["post-21161","post","type-post","status-publish","format-standard","has-post-thumbnail","hentry","category-vleresim-prone","category-vleresues-pronash","tag-rivleresim-prone","tag-rivleresues-prone","tag-vleresues-i-pasurive-te-paluajtshme","tag-vleresues-prone"],"translation":{"provider":"WPGlobus","version":"2.12.2","language":"al","enabled_languages":["en","al"],"languages":{"en":{"title":true,"content":true,"excerpt":false},"al":{"title":false,"content":false,"excerpt":false}}},"_links":{"self":[{"href":"https:\/\/www.perla.al\/al\/wp-json\/wp\/v2\/posts\/21161"}],"collection":[{"href":"https:\/\/www.perla.al\/al\/wp-json\/wp\/v2\/posts"}],"about":[{"href":"https:\/\/www.perla.al\/al\/wp-json\/wp\/v2\/types\/post"}],"author":[{"embeddable":true,"href":"https:\/\/www.perla.al\/al\/wp-json\/wp\/v2\/users\/1"}],"replies":[{"embeddable":true,"href":"https:\/\/www.perla.al\/al\/wp-json\/wp\/v2\/comments?post=21161"}],"version-history":[{"count":0,"href":"https:\/\/www.perla.al\/al\/wp-json\/wp\/v2\/posts\/21161\/revisions"}],"wp:featuredmedia":[{"embeddable":true,"href":"https:\/\/www.perla.al\/al\/wp-json\/wp\/v2\/media\/21156"}],"wp:attachment":[{"href":"https:\/\/www.perla.al\/al\/wp-json\/wp\/v2\/media?parent=21161"}],"wp:term":[{"taxonomy":"category","embeddable":true,"href":"https:\/\/www.perla.al\/al\/wp-json\/wp\/v2\/categories?post=21161"},{"taxonomy":"post_tag","embeddable":true,"href":"https:\/\/www.perla.al\/al\/wp-json\/wp\/v2\/tags?post=21161"},{"taxonomy":"yst_prominent_words","embeddable":true,"href":"https:\/\/www.perla.al\/al\/wp-json\/wp\/v2\/yst_prominent_words?post=21161"}],"curies":[{"name":"wp","href":"https:\/\/api.w.org\/{rel}","templated":true}]}}