{"id":22000,"date":"2023-05-19T12:50:41","date_gmt":"2023-05-19T10:50:41","guid":{"rendered":"https:\/\/www.perla.al\/?p=22000"},"modified":"2023-05-19T12:50:41","modified_gmt":"2023-05-19T10:50:41","slug":"rritja-e-cmimeve-te-apartamenteve-interviste-e-dhene-per-rtsh-24-ervin-demirxhiu-ekspert-imobiliar","status":"publish","type":"post","link":"https:\/\/www.perla.al\/al\/rritja-e-cmimeve-te-apartamenteve-interviste-e-dhene-per-rtsh-24-ervin-demirxhiu-ekspert-imobiliar\/","title":{"rendered":"Rritja e \u00e7mimeve t\u00eb apartamenteve, interviste e dhene per RTSH 24 &#8211; Ervin Demirxhiu, ekspert imobiliar"},"content":{"rendered":"<p>Nje interviste e dhene per RTSH-24 ne lidhje me rritjen e vazhdueshme te cmimeve te apartamenteve,<br \/>\nper me teper ndiqni linkun me poshte:<\/p>\n<div class=\"iframe-wrapper\"><iframe loading=\"lazy\" title=\"Rritja e \u00e7mimeve t\u00eb apartamenteve, n\u00eb studion e RTSH 24 me Ervin Demirxhiu, ekspert imobiliar\" width=\"1778\" height=\"1000\" src=\"https:\/\/www.youtube.com\/embed\/OlcqwqriXxE?start=37&#038;feature=oembed\" frameborder=\"0\" allow=\"accelerometer; autoplay; clipboard-write; encrypted-media; gyroscope; picture-in-picture; web-share\" allowfullscreen><\/iframe><\/div>\n<p>@tvsh24<\/p>\n","protected":false},"excerpt":{"rendered":"<p>Nje interviste e dhene per RTSH-24 ne lidhje me rritjen e vazhdueshme te cmimeve te apartamenteve, per me teper ndiqni linkun me poshte: @tvsh24<\/p>\n","protected":false},"author":1,"featured_media":22002,"comment_status":"open","ping_status":"open","sticky":false,"template":"","format":"standard","meta":{"cybocfi_hide_featured_image":"yes","footnotes":""},"categories":[1153,1149,1151,3226,1150],"tags":[968,2274,969,2418],"yst_prominent_words":[1134],"class_list":["post-22000","post","type-post","status-publish","format-standard","has-post-thumbnail","hentry","category-apartamente-ne-shitje","category-shtepi-me-qera","category-apartamente-ne-tirane","category-sherbime-hipotekore","category-shtepi-ne-shitje","tag-apartament-me-qera","tag-apartament-ne-shitje-tirane","tag-shtepi-me-qera","tag-shtepi-me-qira"],"translation":{"provider":"WPGlobus","version":"2.12.2","language":"al","enabled_languages":["en","al"],"languages":{"en":{"title":true,"content":true,"excerpt":false},"al":{"title":false,"content":false,"excerpt":false}}},"_links":{"self":[{"href":"https:\/\/www.perla.al\/al\/wp-json\/wp\/v2\/posts\/22000"}],"collection":[{"href":"https:\/\/www.perla.al\/al\/wp-json\/wp\/v2\/posts"}],"about":[{"href":"https:\/\/www.perla.al\/al\/wp-json\/wp\/v2\/types\/post"}],"author":[{"embeddable":true,"href":"https:\/\/www.perla.al\/al\/wp-json\/wp\/v2\/users\/1"}],"replies":[{"embeddable":true,"href":"https:\/\/www.perla.al\/al\/wp-json\/wp\/v2\/comments?post=22000"}],"version-history":[{"count":0,"href":"https:\/\/www.perla.al\/al\/wp-json\/wp\/v2\/posts\/22000\/revisions"}],"wp:featuredmedia":[{"embeddable":true,"href":"https:\/\/www.perla.al\/al\/wp-json\/wp\/v2\/media\/22002"}],"wp:attachment":[{"href":"https:\/\/www.perla.al\/al\/wp-json\/wp\/v2\/media?parent=22000"}],"wp:term":[{"taxonomy":"category","embeddable":true,"href":"https:\/\/www.perla.al\/al\/wp-json\/wp\/v2\/categories?post=22000"},{"taxonomy":"post_tag","embeddable":true,"href":"https:\/\/www.perla.al\/al\/wp-json\/wp\/v2\/tags?post=22000"},{"taxonomy":"yst_prominent_words","embeddable":true,"href":"https:\/\/www.perla.al\/al\/wp-json\/wp\/v2\/yst_prominent_words?post=22000"}],"curies":[{"name":"wp","href":"https:\/\/api.w.org\/{rel}","templated":true}]}}