{"id":24045,"date":"2023-11-13T13:32:52","date_gmt":"2023-11-13T12:32:52","guid":{"rendered":"https:\/\/www.perla.al\/?p=24045"},"modified":"2023-11-13T13:36:01","modified_gmt":"2023-11-13T12:36:01","slug":"shtrenjtimi-i-apartamenteve-ska-te-ndalur-demirxhiu-kostot-largojne-bleresit-nga-qendra","status":"publish","type":"post","link":"https:\/\/www.perla.al\/al\/shtrenjtimi-i-apartamenteve-ska-te-ndalur-demirxhiu-kostot-largojne-bleresit-nga-qendra\/","title":{"rendered":"Shtrenjtimi i apartamenteve s\u2019ka t\u00eb ndalur. Demirxhiu: Kostot largojn\u00eb bler\u00ebsit nga qendra"},"content":{"rendered":"<p>Shtrenjtimi i apartamenteve nuk ka t\u00eb ndalur, megjithat\u00eb edhe k\u00ebrkesat vijojn\u00eb t\u00eb jen\u00eb t\u00eb larta, por sipas ekspert\u00ebve qytetar\u00ebt po orientohen drejt periferive p\u00ebr \u00e7mime m\u00eb t\u00eb lira.<br \/>\nper me teper ndiqni video e plote me poshte:<br \/>\n<strong><a href=\"https:\/\/www.youtube.com\/watch?v=T4SzUB3Zzm8\" target=\"_blank\" rel=\"noopener\">Video<\/a>: <a href=\"https:\/\/www.youtube.com\/watch?v=T4SzUB3Zzm8\">https:\/\/www.youtube.com\/watch?v=T4SzUB3Zzm8<\/a><\/strong><br \/>\n<a href=\"https:\/\/www.youtube.com\/watch?v=T4SzUB3Zzm8\"><img loading=\"lazy\" decoding=\"async\" class=\"aligncenter wp-image-24046 size-large\" src=\"https:\/\/www.perla.al\/wp-content\/uploads\/2023\/11\/ervini-mcn-agjent-1024x497.png\" alt=\"\" width=\"1024\" height=\"497\" srcset=\"https:\/\/www.perla.al\/wp-content\/uploads\/2023\/11\/ervini-mcn-agjent-1024x497.png 1024w, https:\/\/www.perla.al\/wp-content\/uploads\/2023\/11\/ervini-mcn-agjent-300x145.png 300w, https:\/\/www.perla.al\/wp-content\/uploads\/2023\/11\/ervini-mcn-agjent-768x372.png 768w, https:\/\/www.perla.al\/wp-content\/uploads\/2023\/11\/ervini-mcn-agjent-1536x745.png 1536w, https:\/\/www.perla.al\/wp-content\/uploads\/2023\/11\/ervini-mcn-agjent.png 1897w\" sizes=\"(max-width: 1024px) 100vw, 1024px\" \/><\/a><\/p>\n","protected":false},"excerpt":{"rendered":"<p>Shtrenjtimi i apartamenteve nuk ka t\u00eb ndalur, megjithat\u00eb edhe k\u00ebrkesat vijojn\u00eb t\u00eb jen\u00eb t\u00eb larta, por sipas ekspert\u00ebve qytetar\u00ebt po orientohen drejt periferive p\u00ebr \u00e7mime m\u00eb t\u00eb lira. per me teper ndiqni video e plote me poshte: Video: https:\/\/www.youtube.com\/watch?v=T4SzUB3Zzm8<\/p>\n","protected":false},"author":1,"featured_media":24046,"comment_status":"open","ping_status":"open","sticky":false,"template":"","format":"standard","meta":{"cybocfi_hide_featured_image":"yes","footnotes":""},"categories":[142],"tags":[],"yst_prominent_words":[1134],"class_list":["post-24045","post","type-post","status-publish","format-standard","has-post-thumbnail","hentry","category-uncategorized-en"],"translation":{"provider":"WPGlobus","version":"2.12.2","language":"al","enabled_languages":["en","al"],"languages":{"en":{"title":true,"content":true,"excerpt":false},"al":{"title":false,"content":false,"excerpt":false}}},"_links":{"self":[{"href":"https:\/\/www.perla.al\/al\/wp-json\/wp\/v2\/posts\/24045"}],"collection":[{"href":"https:\/\/www.perla.al\/al\/wp-json\/wp\/v2\/posts"}],"about":[{"href":"https:\/\/www.perla.al\/al\/wp-json\/wp\/v2\/types\/post"}],"author":[{"embeddable":true,"href":"https:\/\/www.perla.al\/al\/wp-json\/wp\/v2\/users\/1"}],"replies":[{"embeddable":true,"href":"https:\/\/www.perla.al\/al\/wp-json\/wp\/v2\/comments?post=24045"}],"version-history":[{"count":0,"href":"https:\/\/www.perla.al\/al\/wp-json\/wp\/v2\/posts\/24045\/revisions"}],"wp:featuredmedia":[{"embeddable":true,"href":"https:\/\/www.perla.al\/al\/wp-json\/wp\/v2\/media\/24046"}],"wp:attachment":[{"href":"https:\/\/www.perla.al\/al\/wp-json\/wp\/v2\/media?parent=24045"}],"wp:term":[{"taxonomy":"category","embeddable":true,"href":"https:\/\/www.perla.al\/al\/wp-json\/wp\/v2\/categories?post=24045"},{"taxonomy":"post_tag","embeddable":true,"href":"https:\/\/www.perla.al\/al\/wp-json\/wp\/v2\/tags?post=24045"},{"taxonomy":"yst_prominent_words","embeddable":true,"href":"https:\/\/www.perla.al\/al\/wp-json\/wp\/v2\/yst_prominent_words?post=24045"}],"curies":[{"name":"wp","href":"https:\/\/api.w.org\/{rel}","templated":true}]}}