{"id":24887,"date":"2024-01-11T19:43:07","date_gmt":"2024-01-11T18:43:07","guid":{"rendered":"https:\/\/www.perla.al\/?p=24887"},"modified":"2024-01-11T19:43:07","modified_gmt":"2024-01-11T18:43:07","slug":"1-per-cdo-nje-vit-sa-me-i-vjeter-apartamenti-aq-me-teper-do-te-ulet-cmimi-i-references","status":"publish","type":"post","link":"https:\/\/www.perla.al\/al\/1-per-cdo-nje-vit-sa-me-i-vjeter-apartamenti-aq-me-teper-do-te-ulet-cmimi-i-references\/","title":{"rendered":"1% p\u00ebr \u00e7do nj\u00eb vit! Sa m\u00eb i vjet\u00ebr apartamenti, aq m\u00eb tep\u00ebr do t\u00eb ulet \u00e7mimi i referenc\u00ebs"},"content":{"rendered":"<p>Sa m\u00eb i vjet\u00ebr apartamenti, aq m\u00eb tep\u00ebr do t\u00eb ulet \u00e7mimi i referenc\u00ebs n\u00eb rast t\u00eb shit-blerjes s\u00eb tij. P\u00ebr nj\u00eb banes\u00eb n\u00eb ish-Stacionin e Trenit t\u00eb nd\u00ebrtuar n\u00eb vitin 2000, me sip\u00ebrfaqe 80 m2 e \u00e7mim reference t\u00eb zon\u00ebs 135 mij\u00eb e 800 lek\u00eb, do t\u00eb aplikohet nj\u00eb ulje 1 p\u00ebr qind p\u00ebr \u00e7do nj\u00eb vit vjet\u00ebrsi. Pra n\u00eb k\u00ebt\u00eb rast, mbi referenc\u00ebn do t\u00eb aplikohet nj\u00eb ulje totale pre 24 p\u00ebr qind dhe kalimi i pron\u00ebsis\u00eb do t\u00eb bazohet me nj\u00eb \u00e7mim total reference 8 milion\u00eb e 265 mij\u00eb e 640 lek\u00eb nga mbi 10.8 milion\u00eb q\u00eb do t\u00eb ishte.<\/p>\n<p> \u201cDo t\u00eb ndihmoj\u00eb gjith\u00eb procesin e shitjes. Do t\u00eb ndihmoj\u00eb gjith\u00eb pronat e vjetra, t\u00eb amortizuara, t\u00eb cilat realisht nuk shiten dot pasi mbi to ka nj\u00eb tatim mbi normalen. Besoj se \u00ebsht\u00eb ndihm\u00eb q\u00eb leht\u00ebson procesin\u201d, tha Ervin Demirxhiu, ekspert i vler\u00ebsimit t\u00eb pasurive t\u00eb paluajtshme.<br \/>\nN\u00eb nj\u00eb koh\u00eb q\u00eb pas ndryshimeve n\u00eb kryeqytet mesvitin e shkuar, referencat pritet t\u00eb rishikohen edhe n\u00eb zonat bregdetare, udh\u00ebzimi i ri i Ministris\u00eb s\u00eb Financave dhe Ekonomis\u00eb do t\u00eb detyroj\u00eb aplikimin e amortizimit 1 p\u00ebr qind edhe p\u00ebr apartamentet jasht\u00eb Tiran\u00ebs.<\/p>\n<p> \u201cProna t\u00eb vjetra kemi gjithandej. Edhe n\u00eb zonat bregdetare do t\u00eb ket\u00eb leht\u00ebsi n\u00eb procese. \u00cbsht\u00eb e gabuar q\u00eb referenca t\u00eb aplikohet e nj\u00ebjta gjithandej. Apartamentet e vjetra deri m\u00eb tani taksohen si t\u00eb reja\u201d, shtoi Demirxhiu.<\/p>\n<p>N\u00eb raport me vler\u00ebsimet e vitit 2018, rritja mesatare e \u00e7mimeve t\u00eb referenc\u00ebs p\u00ebr 32 zonat kadastrale t\u00eb kryeqytetit korrikun e vitit t\u00eb shkuar u rrit\u00ebn me 5 deri n\u00eb 76 p\u00ebr qind apo mesatarisht 29.600 lek\u00eb p\u00ebr met\u00ebr katror. \u00c7mimet e reja t\u00eb referenc\u00ebs rrit\u00ebn rrjedhimisht vler\u00ebn e taks\u00ebs s\u00eb pron\u00ebs p\u00ebr qytetar\u00ebt dhe bizneset, e cila paguhet n\u00eb fatur\u00ebn e ujit.<\/p>\n<div class=\"iframe-wrapper\"><iframe loading=\"lazy\" title=\"1% p\u00ebr \u00e7do nj\u00eb vit! Sa m\u00eb i vjet\u00ebr apartamenti, aq m\u00eb tep\u00ebr do t\u00eb ulet \u00e7mimi i referenc\u00ebs\" width=\"1778\" height=\"1000\" src=\"https:\/\/www.youtube.com\/embed\/L0ERrYy15Do?feature=oembed\" frameborder=\"0\" allow=\"accelerometer; autoplay; clipboard-write; encrypted-media; gyroscope; picture-in-picture; web-share\" allowfullscreen><\/iframe><\/div>\n","protected":false},"excerpt":{"rendered":"<p>Sa m\u00eb i vjet\u00ebr apartamenti, aq m\u00eb tep\u00ebr do t\u00eb ulet \u00e7mimi i referenc\u00ebs n\u00eb rast t\u00eb shit-blerjes s\u00eb tij. P\u00ebr nj\u00eb banes\u00eb n\u00eb ish-Stacionin e Trenit t\u00eb nd\u00ebrtuar n\u00eb vitin 2000, me sip\u00ebrfaqe 80 m2 e \u00e7mim reference t\u00eb zon\u00ebs 135 mij\u00eb e 800 lek\u00eb, do t\u00eb aplikohet nj\u00eb ulje 1 p\u00ebr qind p\u00ebr [&hellip;]<\/p>\n","protected":false},"author":1,"featured_media":24888,"comment_status":"open","ping_status":"open","sticky":false,"template":"","format":"standard","meta":{"cybocfi_hide_featured_image":"yes","footnotes":""},"categories":[1153,1149,1151],"tags":[2274],"yst_prominent_words":[],"class_list":["post-24887","post","type-post","status-publish","format-standard","has-post-thumbnail","hentry","category-apartamente-ne-shitje","category-shtepi-me-qera","category-apartamente-ne-tirane","tag-apartament-ne-shitje-tirane"],"translation":{"provider":"WPGlobus","version":"2.12.2","language":"al","enabled_languages":["en","al"],"languages":{"en":{"title":true,"content":true,"excerpt":false},"al":{"title":false,"content":false,"excerpt":false}}},"_links":{"self":[{"href":"https:\/\/www.perla.al\/al\/wp-json\/wp\/v2\/posts\/24887"}],"collection":[{"href":"https:\/\/www.perla.al\/al\/wp-json\/wp\/v2\/posts"}],"about":[{"href":"https:\/\/www.perla.al\/al\/wp-json\/wp\/v2\/types\/post"}],"author":[{"embeddable":true,"href":"https:\/\/www.perla.al\/al\/wp-json\/wp\/v2\/users\/1"}],"replies":[{"embeddable":true,"href":"https:\/\/www.perla.al\/al\/wp-json\/wp\/v2\/comments?post=24887"}],"version-history":[{"count":0,"href":"https:\/\/www.perla.al\/al\/wp-json\/wp\/v2\/posts\/24887\/revisions"}],"wp:featuredmedia":[{"embeddable":true,"href":"https:\/\/www.perla.al\/al\/wp-json\/wp\/v2\/media\/24888"}],"wp:attachment":[{"href":"https:\/\/www.perla.al\/al\/wp-json\/wp\/v2\/media?parent=24887"}],"wp:term":[{"taxonomy":"category","embeddable":true,"href":"https:\/\/www.perla.al\/al\/wp-json\/wp\/v2\/categories?post=24887"},{"taxonomy":"post_tag","embeddable":true,"href":"https:\/\/www.perla.al\/al\/wp-json\/wp\/v2\/tags?post=24887"},{"taxonomy":"yst_prominent_words","embeddable":true,"href":"https:\/\/www.perla.al\/al\/wp-json\/wp\/v2\/yst_prominent_words?post=24887"}],"curies":[{"name":"wp","href":"https:\/\/api.w.org\/{rel}","templated":true}]}}