{"id":27499,"date":"2024-06-18T14:37:18","date_gmt":"2024-06-18T12:37:18","guid":{"rendered":"https:\/\/www.perla.al\/?p=27499"},"modified":"2024-06-18T14:37:18","modified_gmt":"2024-06-18T12:37:18","slug":"rivleresimi-me-3-si-do-e-ndryshoje-tregun-e-apartamenteve","status":"publish","type":"post","link":"https:\/\/www.perla.al\/al\/rivleresimi-me-3-si-do-e-ndryshoje-tregun-e-apartamenteve\/","title":{"rendered":"Rivler\u00ebsimi me 3%, si do e ndryshoj\u00eb tregun e apartamenteve?"},"content":{"rendered":"<p>Pas diskutimeve t\u00eb shumta p\u00ebr projektligjin p\u00ebr rivler\u00ebsimin 3% t\u00eb pronave t\u00eb patundshme sipas ekspert\u00ebve aktualisht ka shkaktuar nj\u00eb ng\u00ebr\u00e7 n\u00eb shitjen e apartamenteve. I ftuar n\u00eb emisionin Ekonomia 3D Ervin Demirxhiu i cili \u00ebsht\u00eb ekspert si vler\u00ebsues t\u00eb pasurive t\u00eb patundshme, deklaroi q\u00eb pronar\u00ebt e banesave jan\u00eb t\u00ebrhequr derisa t\u00eb formalizohet projektligji.<\/p>\n<p>\u201cTani aktualisht ka shkaktuar nj\u00eb ng\u00ebr\u00e7 sepsse njer\u00ebzit, qytetar\u00ebt pra kryesisht shit\u00ebsit jan\u00eb t\u00ebrhequr nga shitjet sepse flaism p\u00ebr diferenc\u00eb t\u00eb madhe tatimi. Jan\u00eb t\u00ebrhequr p\u00ebr arsye t\u00eb pritjes s\u00eb k\u00ebtij procesi, p\u00ebr kryerjen e rivler\u00ebsimit t\u00eb pronave. Deri tani ka ndikuar negativisht.\u201d<\/p>\n<p>Por cilat jan\u00eb sfidat q\u00eb hasen n\u00eb procesin e rivler\u00ebismit t\u00eb pronave t\u00eb patundshme?<\/p>\n<p>\u201cKemi hasur shum\u00eb probleme n\u00eb pronat q\u00eb nuk jan\u00eb t\u00eb certifikuara, por q\u00eb njer\u00ebzit donin t\u2019i b\u00ebnin dhe e kan\u00eb pasur t\u00eb v\u00ebshtir\u00eb ose t\u00eb pamundur t\u00eb b\u00ebjn\u00eb nj\u00eb rivler\u00ebsim pronash. Por n\u00eb draftin \u00ebsht\u00eb parashikuar q\u00eb dhe pronat q\u00eb jan\u00eb n\u00eb process legalizimi t\u00eb b\u00ebhet rivler\u00ebsimi\u201d<\/p>\n<p>N\u00eb projektligj parashikohet q\u00eb t\u00eb gjith\u00eb individ\u00ebt, t\u00eb cil\u00ebt kan\u00eb n\u00eb pron\u00ebsi pasuri t\u00eb paluajtshme, kan\u00eb t\u00eb drejt\u00eb q\u00eb, nga data e hyrjes n\u00eb fuqi t\u00eb k\u00ebtij ligji, deri n\u00eb dat\u00ebn 31 qershor 2025 t\u00eb b\u00ebjn\u00eb rivler\u00ebsimin e k\u00ebsaj pasurie me vler\u00ebn e tregut. Ky rivler\u00ebsim mund t\u00eb b\u00ebhet nga nj\u00eb ekspert i licencuar p\u00ebr vler\u00ebsimin e pasuris\u00eb s\u00eb paluajtshme nga institucionet p\u00ebrkat\u00ebse ose nga zyrat vendore t\u00eb Agjencis\u00eb Shtet\u00ebrore t\u00eb Kadastr\u00ebs.<\/p>\n<div class=\"iframe-wrapper\"><iframe loading=\"lazy\" title=\"Rivler\u00ebsimi 3%, si do e ndryshoj\u00eb tregun e apartamenteve? - EKONOMIA 3D 17\/6\/2024\" width=\"1778\" height=\"1000\" src=\"https:\/\/www.youtube.com\/embed\/KyydZ4zG1F0?feature=oembed\" frameborder=\"0\" allow=\"accelerometer; autoplay; clipboard-write; encrypted-media; gyroscope; picture-in-picture; web-share\" referrerpolicy=\"strict-origin-when-cross-origin\" allowfullscreen><\/iframe><\/div>\n<p>intervist e dhene per @ScanTv Ablania,<\/p>\n","protected":false},"excerpt":{"rendered":"<p>Pas diskutimeve t\u00eb shumta p\u00ebr projektligjin p\u00ebr rivler\u00ebsimin 3% t\u00eb pronave t\u00eb patundshme sipas ekspert\u00ebve aktualisht ka shkaktuar nj\u00eb ng\u00ebr\u00e7 n\u00eb shitjen e apartamenteve. I ftuar n\u00eb emisionin Ekonomia 3D Ervin Demirxhiu i cili \u00ebsht\u00eb ekspert si vler\u00ebsues t\u00eb pasurive t\u00eb patundshme, deklaroi q\u00eb pronar\u00ebt e banesave jan\u00eb t\u00ebrhequr derisa t\u00eb formalizohet projektligji. \u201cTani aktualisht [&hellip;]<\/p>\n","protected":false},"author":1,"featured_media":27502,"comment_status":"closed","ping_status":"open","sticky":false,"template":"","format":"standard","meta":{"cybocfi_hide_featured_image":"yes","footnotes":""},"categories":[1153,1151,2451],"tags":[1120,2777],"yst_prominent_words":[],"class_list":["post-27499","post","type-post","status-publish","format-standard","has-post-thumbnail","hentry","category-apartamente-ne-shitje","category-apartamente-ne-tirane","category-vleresues-i-pasurive-te-paluajtshme","tag-rivleresim-prone","tag-rivleresues-prone"],"translation":{"provider":"WPGlobus","version":"2.12.2","language":"al","enabled_languages":["en","al"],"languages":{"en":{"title":true,"content":true,"excerpt":false},"al":{"title":false,"content":false,"excerpt":false}}},"_links":{"self":[{"href":"https:\/\/www.perla.al\/al\/wp-json\/wp\/v2\/posts\/27499"}],"collection":[{"href":"https:\/\/www.perla.al\/al\/wp-json\/wp\/v2\/posts"}],"about":[{"href":"https:\/\/www.perla.al\/al\/wp-json\/wp\/v2\/types\/post"}],"author":[{"embeddable":true,"href":"https:\/\/www.perla.al\/al\/wp-json\/wp\/v2\/users\/1"}],"replies":[{"embeddable":true,"href":"https:\/\/www.perla.al\/al\/wp-json\/wp\/v2\/comments?post=27499"}],"version-history":[{"count":1,"href":"https:\/\/www.perla.al\/al\/wp-json\/wp\/v2\/posts\/27499\/revisions"}],"predecessor-version":[{"id":27503,"href":"https:\/\/www.perla.al\/al\/wp-json\/wp\/v2\/posts\/27499\/revisions\/27503"}],"wp:featuredmedia":[{"embeddable":true,"href":"https:\/\/www.perla.al\/al\/wp-json\/wp\/v2\/media\/27502"}],"wp:attachment":[{"href":"https:\/\/www.perla.al\/al\/wp-json\/wp\/v2\/media?parent=27499"}],"wp:term":[{"taxonomy":"category","embeddable":true,"href":"https:\/\/www.perla.al\/al\/wp-json\/wp\/v2\/categories?post=27499"},{"taxonomy":"post_tag","embeddable":true,"href":"https:\/\/www.perla.al\/al\/wp-json\/wp\/v2\/tags?post=27499"},{"taxonomy":"yst_prominent_words","embeddable":true,"href":"https:\/\/www.perla.al\/al\/wp-json\/wp\/v2\/yst_prominent_words?post=27499"}],"curies":[{"name":"wp","href":"https:\/\/api.w.org\/{rel}","templated":true}]}}