{"id":28847,"date":"2024-09-11T11:15:14","date_gmt":"2024-09-11T09:15:14","guid":{"rendered":"https:\/\/www.perla.al\/?p=28847"},"modified":"2024-09-11T11:15:46","modified_gmt":"2024-09-11T09:15:46","slug":"me-mire-cmim-reference-apo-cmim-tregu-per-pronen-ja-cfare-thote-eksperti-i-real-estate","status":"publish","type":"post","link":"https:\/\/www.perla.al\/al\/me-mire-cmim-reference-apo-cmim-tregu-per-pronen-ja-cfare-thote-eksperti-i-real-estate\/","title":{"rendered":"M\u00eb mir\u00eb \u00e7mim reference apo \u00e7mim tregu p\u00ebr pron\u00ebn? Ja \u00e7far\u00eb thot\u00eb eksperti i real estate"},"content":{"rendered":"<p data-mce-fragment=\"1\"><a href=\"https:\/\/www.youtube.com\/watch?v=9iwRPvnoH-w\" data-mce-fragment=\"1\"><img loading=\"lazy\" decoding=\"async\" class=\"aligncenter size-large wp-image-28848\" src=\"https:\/\/www.perla.al\/wp-content\/uploads\/2024\/09\/vinia2cnn-nn22-1024x575.jpg\" alt=\"\" width=\"1024\" height=\"575\" data-mce-fragment=\"1\" srcset=\"https:\/\/www.perla.al\/wp-content\/uploads\/2024\/09\/vinia2cnn-nn22-1024x575.jpg 1024w, https:\/\/www.perla.al\/wp-content\/uploads\/2024\/09\/vinia2cnn-nn22-300x168.jpg 300w, https:\/\/www.perla.al\/wp-content\/uploads\/2024\/09\/vinia2cnn-nn22-768x431.jpg 768w, https:\/\/www.perla.al\/wp-content\/uploads\/2024\/09\/vinia2cnn-nn22.jpg 1035w\" sizes=\"(max-width: 1024px) 100vw, 1024px\" \/><\/a>\u200b<\/p>\n<p>&nbsp;<\/p>\n","protected":false},"excerpt":{"rendered":"<p>\u200b &nbsp;<\/p>\n","protected":false},"author":1,"featured_media":28848,"comment_status":"closed","ping_status":"open","sticky":false,"template":"","format":"standard","meta":{"cybocfi_hide_featured_image":"yes","footnotes":""},"categories":[1149,1150,142,1154,1119,2451,2281],"tags":[1120],"yst_prominent_words":[],"class_list":["post-28847","post","type-post","status-publish","format-standard","has-post-thumbnail","hentry","category-shtepi-me-qera","category-shtepi-ne-shitje","category-uncategorized-en","category-vila-me-qera","category-vleresim-prone","category-vleresues-i-pasurive-te-paluajtshme","category-vleresues-pronash","tag-rivleresim-prone"],"translation":{"provider":"WPGlobus","version":"2.12.2","language":"al","enabled_languages":["en","al"],"languages":{"en":{"title":true,"content":true,"excerpt":false},"al":{"title":false,"content":false,"excerpt":false}}},"_links":{"self":[{"href":"https:\/\/www.perla.al\/al\/wp-json\/wp\/v2\/posts\/28847"}],"collection":[{"href":"https:\/\/www.perla.al\/al\/wp-json\/wp\/v2\/posts"}],"about":[{"href":"https:\/\/www.perla.al\/al\/wp-json\/wp\/v2\/types\/post"}],"author":[{"embeddable":true,"href":"https:\/\/www.perla.al\/al\/wp-json\/wp\/v2\/users\/1"}],"replies":[{"embeddable":true,"href":"https:\/\/www.perla.al\/al\/wp-json\/wp\/v2\/comments?post=28847"}],"version-history":[{"count":1,"href":"https:\/\/www.perla.al\/al\/wp-json\/wp\/v2\/posts\/28847\/revisions"}],"predecessor-version":[{"id":28849,"href":"https:\/\/www.perla.al\/al\/wp-json\/wp\/v2\/posts\/28847\/revisions\/28849"}],"wp:featuredmedia":[{"embeddable":true,"href":"https:\/\/www.perla.al\/al\/wp-json\/wp\/v2\/media\/28848"}],"wp:attachment":[{"href":"https:\/\/www.perla.al\/al\/wp-json\/wp\/v2\/media?parent=28847"}],"wp:term":[{"taxonomy":"category","embeddable":true,"href":"https:\/\/www.perla.al\/al\/wp-json\/wp\/v2\/categories?post=28847"},{"taxonomy":"post_tag","embeddable":true,"href":"https:\/\/www.perla.al\/al\/wp-json\/wp\/v2\/tags?post=28847"},{"taxonomy":"yst_prominent_words","embeddable":true,"href":"https:\/\/www.perla.al\/al\/wp-json\/wp\/v2\/yst_prominent_words?post=28847"}],"curies":[{"name":"wp","href":"https:\/\/api.w.org\/{rel}","templated":true}]}}