{"id":30774,"date":"2025-02-21T18:20:58","date_gmt":"2025-02-21T17:20:58","guid":{"rendered":"https:\/\/www.perla.al\/?p=30774"},"modified":"2025-02-21T18:20:58","modified_gmt":"2025-02-21T17:20:58","slug":"ekonomi-ekskluzive-pronat-ne-durres-mesatarisht-62-me-shtrenjte-apartamentet-ne-plazh-do-te-shiten-me-2-mije-e-m%c2%b2-ndarja-sipas-zonave","status":"publish","type":"post","link":"https:\/\/www.perla.al\/al\/ekonomi-ekskluzive-pronat-ne-durres-mesatarisht-62-me-shtrenjte-apartamentet-ne-plazh-do-te-shiten-me-2-mije-e-m%c2%b2-ndarja-sipas-zonave\/","title":{"rendered":"Ekonomi Ekskluzive\/ Pronat n\u00eb Durr\u00ebs mesatarisht 62% m\u00eb shtrenjt\u00eb! Apartamentet n\u00eb plazh do t\u00eb shiten me 2 mij\u00eb \u20ac m\u00b2 (NDARJA SIPAS ZONAVE)"},"content":{"rendered":"<p>\u00c7mimet e pronave n\u00eb Durr\u00ebs do t\u00eb shtrenjtohen pas miratimit t\u00eb referencave t\u00eb reja. Report TV m\u00ebson se p\u00ebr nj\u00eb met\u00ebr katror, \u00e7mimi i referenc\u00ebs n\u00eb zon\u00ebn e plazhit do t\u00eb jet\u00eb 2 mij\u00eb \u20ac. N\u00eb t\u00ebr\u00ebsi vlera e pronave n\u00eb Durr\u00ebs pritet t\u00eb rritet mesatarisht 62%<br \/>\nSa m\u00eb af\u00ebr detit aq m\u00eb shtrenjt\u00eb p\u00ebr xhepin. Vlera e apartamenteve n\u00eb Durr\u00ebs pritet t\u00eb rritet me mesatarisht 62% pas miratimit t\u00eb referencave t\u00eb reja p\u00ebr bashkit\u00eb, t\u00eb paralajm\u00ebruara p\u00ebr t\u2019u b\u00ebr\u00eb publike n\u00eb pranver\u00ebn e k\u00ebtij viti.<\/p>\n<p>    \u201c\u00c7mimet e referenc\u00ebs ne kemi par\u00eb q\u00eb kan\u00eb sjell\u00eb gjithmon\u00eb rritje. \u00c7mimi i referenc\u00ebs \u00ebsht\u00eb shum\u00eb abuziv. V\u00ebrtet n\u00eb nj\u00eb zon\u00eb mund t\u00eb ket\u00eb \u00e7mime sa \u00ebsht\u00eb referenca por nj\u00eb pjes\u00eb e madhe e pronave jan\u00eb n\u00ebn \u00e7mimin e referenc\u00ebs\u201d, pohon eksperti i tregut imobiliare Ervin Demirxhiu.<\/p>\n<p>Propozimi q\u00eb po shqyrton Ministria e Financave, si\u00e7 Report Tv m\u00ebson ekskluzivisht, \u00ebsht\u00eb q\u00eb Durr\u00ebsi t\u00eb ndahet n\u00eb 13 zona, ku \u00e7mimi i referenc\u00ebs p\u00ebr met\u00ebr katror ndryshon nga nj\u00ebra tek tjetra, ndryshe nga sa ndodh aktualisht ku i gjith\u00eb qyteti bregdetar ka vet\u00ebm dy referenca 472 euro dhe 675 euro.<\/p>\n<p>Me referencat e reja nj\u00eb met\u00ebr katror n\u00eb zon\u00ebn m\u00eb t\u00eb frekuentuar t\u00eb bregdetit t\u00eb Durr\u00ebsit q\u00eb \u00ebsht\u00eb \u2018Zona 13\u2019 e njohur si lagjja e plazhit, nj\u00eb met\u00ebr katror pritet t\u00eb kushtoj\u00eb 2000 euro me rritje 323% n\u00eb raport me referenc\u00ebn aktuale prej 472 euro\/metri.<\/p>\n<p>    \u201cMund t\u00eb jet\u00eb real p\u00ebr 5% t\u00eb atyre t\u00eb pronave q\u00eb jan\u00eb n\u00eb vij\u00ebn e par\u00eb dhe q\u00eb jan\u00eb nd\u00ebrtimet e reja. Zona e plazhit ka tridhjet\u00eb vite e nd\u00ebrtuar\u201d, pohon Demirxhiu.<\/p>\n<p>Nd\u00ebrsa n\u00eb zonat af\u00ebr qendr\u00ebs s\u00eb qytetit \u00e7mimi referenc\u00eb p\u00ebr met\u00ebr katror do jet\u00eb afro 1000-1400 euro, nga 472 euro\/metri q\u00eb \u00ebsht\u00eb aktualisht. Kurse periferia e Durr\u00ebsit do t\u00eb ket\u00eb \u00e7mime af\u00ebrsisht sa referencat e sotme.<\/p>\n<p>P\u00ebr p\u00ebrcaktimin e referencave t\u00eb reja grupi i pun\u00ebs ka marr\u00eb n\u00eb konsiderat\u00eb shit-blerjet e deklaruara 2022-2023 n\u00eb k\u00ebt\u00eb qytet, si dhe \u00ebsht\u00eb bazuar af\u00ebrsia e me zon\u00ebn qendrore t\u00eb qytetit, af\u00ebrsia me polet strategjike apo zon\u00ebn historike t\u00eb qytetit, si dhe af\u00ebrsia me zon\u00ebn bregdetare.<\/p>\n<p>Referencat e reja q\u00eb aktualisht nuk jan\u00eb b\u00ebr\u00eb publike pritet t\u00eb prekin jo vet\u00ebm bashkit\u00eb e shtrira p\u00ebrgjat\u00eb bregdetit por edhe qytete t\u00eb tjera q\u00eb kan\u00eb marr\u00eb hov zhvillimi vitet e fundit.<\/p>\n<p>Mungesa e referencave t\u00eb pronave p\u00ebr t\u00eb gjitha bashkit\u00eb e vendit u b\u00eb shkak edhe p\u00ebr shtyrjen e rivler\u00ebsimit t\u00eb pasurive t\u00eb paluajtshme t\u00eb paralajm\u00ebruar p\u00ebr t\u00eb ndodhur gjat\u00eb vitit 2024 e deri n\u00eb ver\u00ebn e k\u00ebtij viti. Referencat e reja jan\u00eb miratuar n\u00eb vitin 2023 vet\u00ebm p\u00ebr Tiran\u00ebn, e cila \u00ebsht\u00eb e ndar\u00eb n\u00eb 32 zona ku \u00e7mimi \u00e7mimet u rrit\u00ebn deri n\u00eb 70% n\u00eb pika t\u00eb ndryshme t\u00eb kryeqytetit.<\/p>\n<p>*Sh\u00ebnim: Referenca p\u00ebrcakton tavanin n\u00ebn t\u00eb cilin nuk mund t\u00eb shitet nj\u00eb pron\u00eb, nd\u00ebrsa mbi k\u00ebt\u00eb vler\u00eb nuk ka kufizim.<br \/>\n\u00c7MIMI REFERENC\u00cb ZONA 13, DURR\u00cbS<br \/>\nReferenca e vjet\u00ebr       472 euro\/metri<br \/>\nReferenca e re           2,000 euro\/metri<br \/>\nDiferenca               +1,528 euro\/metri<\/p>\n<p>\u00c7MIMI REFERENC\u00cb QENDRA E DURR\u00cbSIT<br \/>\nReferenca e vjet\u00ebr        472 euro\/metri<br \/>\nReferenca e re        1000-1400 euro\/metri<br \/>\nDiferenca                +528-928 euro\/metri<\/p>\n<p><a href=\"https:\/\/www.youtube.com\/watch?v=3U3fnroZpLE\"><img loading=\"lazy\" decoding=\"async\" src=\"https:\/\/www.perla.al\/wp-content\/uploads\/2025\/02\/Captureshqiptarja.jpg\" alt=\"\" width=\"751\" height=\"416\" class=\"aligncenter size-full wp-image-30775\" srcset=\"https:\/\/www.perla.al\/wp-content\/uploads\/2025\/02\/Captureshqiptarja.jpg 751w, https:\/\/www.perla.al\/wp-content\/uploads\/2025\/02\/Captureshqiptarja-300x166.jpg 300w\" sizes=\"(max-width: 751px) 100vw, 751px\" \/><\/a><br \/>\n@\/Shqiptarja.com<\/p>\n","protected":false},"excerpt":{"rendered":"<p>\u00c7mimet e pronave n\u00eb Durr\u00ebs do t\u00eb shtrenjtohen pas miratimit t\u00eb referencave t\u00eb reja. Report TV m\u00ebson se p\u00ebr nj\u00eb met\u00ebr katror, \u00e7mimi i referenc\u00ebs n\u00eb zon\u00ebn e plazhit do t\u00eb jet\u00eb 2 mij\u00eb \u20ac. N\u00eb t\u00ebr\u00ebsi vlera e pronave n\u00eb Durr\u00ebs pritet t\u00eb rritet mesatarisht 62% Sa m\u00eb af\u00ebr detit aq m\u00eb shtrenjt\u00eb p\u00ebr [&hellip;]<\/p>\n","protected":false},"author":1,"featured_media":30775,"comment_status":"closed","ping_status":"open","sticky":false,"template":"","format":"standard","meta":{"cybocfi_hide_featured_image":"yes","footnotes":""},"categories":[1151],"tags":[],"yst_prominent_words":[],"class_list":["post-30774","post","type-post","status-publish","format-standard","has-post-thumbnail","hentry","category-apartamente-ne-tirane"],"translation":{"provider":"WPGlobus","version":"2.12.2","language":"al","enabled_languages":["en","al"],"languages":{"en":{"title":true,"content":true,"excerpt":false},"al":{"title":false,"content":false,"excerpt":false}}},"_links":{"self":[{"href":"https:\/\/www.perla.al\/al\/wp-json\/wp\/v2\/posts\/30774"}],"collection":[{"href":"https:\/\/www.perla.al\/al\/wp-json\/wp\/v2\/posts"}],"about":[{"href":"https:\/\/www.perla.al\/al\/wp-json\/wp\/v2\/types\/post"}],"author":[{"embeddable":true,"href":"https:\/\/www.perla.al\/al\/wp-json\/wp\/v2\/users\/1"}],"replies":[{"embeddable":true,"href":"https:\/\/www.perla.al\/al\/wp-json\/wp\/v2\/comments?post=30774"}],"version-history":[{"count":1,"href":"https:\/\/www.perla.al\/al\/wp-json\/wp\/v2\/posts\/30774\/revisions"}],"predecessor-version":[{"id":30776,"href":"https:\/\/www.perla.al\/al\/wp-json\/wp\/v2\/posts\/30774\/revisions\/30776"}],"wp:featuredmedia":[{"embeddable":true,"href":"https:\/\/www.perla.al\/al\/wp-json\/wp\/v2\/media\/30775"}],"wp:attachment":[{"href":"https:\/\/www.perla.al\/al\/wp-json\/wp\/v2\/media?parent=30774"}],"wp:term":[{"taxonomy":"category","embeddable":true,"href":"https:\/\/www.perla.al\/al\/wp-json\/wp\/v2\/categories?post=30774"},{"taxonomy":"post_tag","embeddable":true,"href":"https:\/\/www.perla.al\/al\/wp-json\/wp\/v2\/tags?post=30774"},{"taxonomy":"yst_prominent_words","embeddable":true,"href":"https:\/\/www.perla.al\/al\/wp-json\/wp\/v2\/yst_prominent_words?post=30774"}],"curies":[{"name":"wp","href":"https:\/\/api.w.org\/{rel}","templated":true}]}}