{"id":33291,"date":"2025-07-22T15:58:34","date_gmt":"2025-07-22T13:58:34","guid":{"rendered":"https:\/\/www.perla.al\/?p=33291"},"modified":"2025-07-22T16:00:36","modified_gmt":"2025-07-22T14:00:36","slug":"demirxhiu-airbnb-prishi-qirate-afatgjata-tregu-do-e-rregulloj-vete-situaten","status":"publish","type":"post","link":"https:\/\/www.perla.al\/al\/demirxhiu-airbnb-prishi-qirate-afatgjata-tregu-do-e-rregulloj-vete-situaten\/","title":{"rendered":"Demirxhiu: AirBnb prishi qirat\u00eb afatgjata, tregu do e rregulloj vet\u00eb situat\u00ebn"},"content":{"rendered":"<p>Eksperti i pasurive Ervin Demirxhiu thot\u00eb se qirat\u00eb afatshkurtra n\u00eb dy vitet e fundit kan\u00eb marr\u00eb v\u00ebmendje mjaft t\u00eb lart\u00eb por shprehet se prej tyre u prish tregu i qirave afatgjata.<\/p>\n<p>Nga studio e \u201cMCN Economy\u201d ai deklaroi se sot \u00e7dokush q\u00eb ka nj\u00eb apartament n\u00eb nj\u00eb zon\u00eb t\u00eb mir\u00eb, mendon q\u00eb ta jap\u00eb me qira ditore.<\/p>\n<p>Ne shohim persona q\u00eb heqin qiraxhinjt\u00eb afatgjat\u00eb dhe duan ta japin me qira ditore, por pas pak koh\u00ebsh rikthehen s\u00ebrish p\u00ebr ta dh\u00ebn\u00eb me qira afatgjat\u00eb, pasi jo kushdo mund ta ofroj\u00eb si sh\u00ebrbim. Por mendoj se tregu do e rregulloj vet\u00eb situat\u00ebn.<\/p>\n<p>Apartamentet teke e kan\u00eb t\u00eb pamundur p\u00ebr t\u00eb gjetur veten dhe mbuluar koston. Mendoj se do vij\u00eb n\u00eb nj\u00eb num\u00ebr m\u00eb t\u00eb plot\u00eb dhe m\u00eb t\u00eb sakt\u00eb. Numri i lart\u00eb nuk ka sjell\u00eb r\u00ebnie \u00e7mimi, ka sjell\u00eb rritjen e k\u00ebrkes\u00ebs. Ndodhi nj\u00eb vakum n\u00eb qirat\u00eb afatgjata.<\/p>\n<p>Standardi b\u00ebn q\u00eb t\u00eb rezistosh dhe ai q\u00eb ka nj\u00eb apartament, nuk mund t\u00eb b\u00ebj\u00eb biznes. Do b\u00ebhet nj\u00eb gj\u00eb e \u00e7al\u00eb dhe vet\u00eb tregu po e rregullon. AirBnb prishi tregun e qirave afatgjata. N\u00ebse nj\u00eb apartament jepej 500 euro, me AirBnb k\u00ebrkohen 1000 euro.<\/p>\n<p>Ndodh q\u00eb turist\u00ebt e huaj shkojn\u00eb nat\u00ebn dhe i zoti i AriBnb nuk i hap telefonin. Mendoj se kjo gj\u00eb do rregullohet. Turist\u00ebt e huaj q\u00eb vijn\u00eb k\u00ebtu, vijn\u00eb p\u00ebr t\u00eb kapur \u00e7mimet e ul\u00ebta. AirBnb do nj\u00eb angazhim t\u00eb plot\u00eb, mos t\u00eb them 24 or\u00eb.<\/p>\n<p><a href=\"https:\/\/youtu.be\/4hhjdq3bpAI?t=111\"><img loading=\"lazy\" decoding=\"async\" class=\"aligncenter wp-image-33292 size-large\" src=\"https:\/\/www.perla.al\/wp-content\/uploads\/2025\/07\/demirxhiu-1024x567.webp\" alt=\"\" width=\"1024\" height=\"567\" srcset=\"https:\/\/www.perla.al\/wp-content\/uploads\/2025\/07\/demirxhiu-1024x567.webp 1024w, https:\/\/www.perla.al\/wp-content\/uploads\/2025\/07\/demirxhiu-300x166.webp 300w, https:\/\/www.perla.al\/wp-content\/uploads\/2025\/07\/demirxhiu-768x425.webp 768w, https:\/\/www.perla.al\/wp-content\/uploads\/2025\/07\/demirxhiu-1536x850.webp 1536w, https:\/\/www.perla.al\/wp-content\/uploads\/2025\/07\/demirxhiu.webp 1561w\" sizes=\"(max-width: 1024px) 100vw, 1024px\" \/><\/a><\/p>\n","protected":false},"excerpt":{"rendered":"<p>Eksperti i pasurive Ervin Demirxhiu thot\u00eb se qirat\u00eb afatshkurtra n\u00eb dy vitet e fundit kan\u00eb marr\u00eb v\u00ebmendje mjaft t\u00eb lart\u00eb por shprehet se prej tyre u prish tregu i qirave afatgjata. Nga studio e \u201cMCN Economy\u201d ai deklaroi se sot \u00e7dokush q\u00eb ka nj\u00eb apartament n\u00eb nj\u00eb zon\u00eb t\u00eb mir\u00eb, mendon q\u00eb ta jap\u00eb me [&hellip;]<\/p>\n","protected":false},"author":1,"featured_media":33292,"comment_status":"closed","ping_status":"open","sticky":false,"template":"","format":"standard","meta":{"cybocfi_hide_featured_image":"yes","footnotes":""},"categories":[1149],"tags":[],"yst_prominent_words":[1144,1187,1291,1483,2365,1337,1284,1315],"class_list":["post-33291","post","type-post","status-publish","format-standard","has-post-thumbnail","hentry","category-shtepi-me-qera"],"translation":{"provider":"WPGlobus","version":"2.12.2","language":"al","enabled_languages":["en","al"],"languages":{"en":{"title":true,"content":true,"excerpt":false},"al":{"title":false,"content":false,"excerpt":false}}},"_links":{"self":[{"href":"https:\/\/www.perla.al\/al\/wp-json\/wp\/v2\/posts\/33291"}],"collection":[{"href":"https:\/\/www.perla.al\/al\/wp-json\/wp\/v2\/posts"}],"about":[{"href":"https:\/\/www.perla.al\/al\/wp-json\/wp\/v2\/types\/post"}],"author":[{"embeddable":true,"href":"https:\/\/www.perla.al\/al\/wp-json\/wp\/v2\/users\/1"}],"replies":[{"embeddable":true,"href":"https:\/\/www.perla.al\/al\/wp-json\/wp\/v2\/comments?post=33291"}],"version-history":[{"count":2,"href":"https:\/\/www.perla.al\/al\/wp-json\/wp\/v2\/posts\/33291\/revisions"}],"predecessor-version":[{"id":33294,"href":"https:\/\/www.perla.al\/al\/wp-json\/wp\/v2\/posts\/33291\/revisions\/33294"}],"wp:featuredmedia":[{"embeddable":true,"href":"https:\/\/www.perla.al\/al\/wp-json\/wp\/v2\/media\/33292"}],"wp:attachment":[{"href":"https:\/\/www.perla.al\/al\/wp-json\/wp\/v2\/media?parent=33291"}],"wp:term":[{"taxonomy":"category","embeddable":true,"href":"https:\/\/www.perla.al\/al\/wp-json\/wp\/v2\/categories?post=33291"},{"taxonomy":"post_tag","embeddable":true,"href":"https:\/\/www.perla.al\/al\/wp-json\/wp\/v2\/tags?post=33291"},{"taxonomy":"yst_prominent_words","embeddable":true,"href":"https:\/\/www.perla.al\/al\/wp-json\/wp\/v2\/yst_prominent_words?post=33291"}],"curies":[{"name":"wp","href":"https:\/\/api.w.org\/{rel}","templated":true}]}}