{"id":33374,"date":"2025-07-25T14:02:55","date_gmt":"2025-07-25T12:02:55","guid":{"rendered":"https:\/\/www.perla.al\/?p=33374"},"modified":"2025-07-25T14:02:55","modified_gmt":"2025-07-25T12:02:55","slug":"drafti-per-rivleresimin-e-pronave-ekspertet-publikimi-i-projektligjit-6-muaj-perpara-hyrjes-ne-fuqi","status":"publish","type":"post","link":"https:\/\/www.perla.al\/al\/drafti-per-rivleresimin-e-pronave-ekspertet-publikimi-i-projektligjit-6-muaj-perpara-hyrjes-ne-fuqi\/","title":{"rendered":"Drafti p\u00ebr rivler\u00ebsimin e pronave-Ekspert\u00ebt: Publikimi i projektligjit 6 muaj p\u00ebrpara hyrjes n\u00eb fuqi"},"content":{"rendered":"<p> Drafti p\u00ebr rivler\u00ebsimin e pronave-Ekspert\u00ebt: Publikimi i projektligjit 6 muaj p\u00ebrpara hyrjes n\u00eb fuqi <\/p>\n<div class=\"iframe-wrapper\"><iframe loading=\"lazy\" title=\"Drafti p\u00ebr rivler\u00ebsimin e pronave-Ekspert\u00ebt: Publikimi i projektligjit 6 muaj p\u00ebrpara hyrjes n\u00eb fuqi\" width=\"1778\" height=\"1000\" src=\"https:\/\/www.youtube.com\/embed\/hP9NAODr11I?feature=oembed\" frameborder=\"0\" allow=\"accelerometer; autoplay; clipboard-write; encrypted-media; gyroscope; picture-in-picture; web-share\" referrerpolicy=\"strict-origin-when-cross-origin\" allowfullscreen><\/iframe><\/div>\n","protected":false},"excerpt":{"rendered":"<p>Drafti p\u00ebr rivler\u00ebsimin e pronave-Ekspert\u00ebt: Publikimi i projektligjit 6 muaj p\u00ebrpara hyrjes n\u00eb fuqi<\/p>\n","protected":false},"author":1,"featured_media":33376,"comment_status":"closed","ping_status":"open","sticky":false,"template":"","format":"standard","meta":{"cybocfi_hide_featured_image":"yes","footnotes":""},"categories":[1152,1153,1149],"tags":[],"yst_prominent_words":[],"class_list":["post-33374","post","type-post","status-publish","format-standard","has-post-thumbnail","hentry","category-apartament-me-qera","category-apartamente-ne-shitje","category-shtepi-me-qera"],"translation":{"provider":"WPGlobus","version":"2.12.2","language":"al","enabled_languages":["en","al"],"languages":{"en":{"title":true,"content":true,"excerpt":false},"al":{"title":false,"content":false,"excerpt":false}}},"_links":{"self":[{"href":"https:\/\/www.perla.al\/al\/wp-json\/wp\/v2\/posts\/33374"}],"collection":[{"href":"https:\/\/www.perla.al\/al\/wp-json\/wp\/v2\/posts"}],"about":[{"href":"https:\/\/www.perla.al\/al\/wp-json\/wp\/v2\/types\/post"}],"author":[{"embeddable":true,"href":"https:\/\/www.perla.al\/al\/wp-json\/wp\/v2\/users\/1"}],"replies":[{"embeddable":true,"href":"https:\/\/www.perla.al\/al\/wp-json\/wp\/v2\/comments?post=33374"}],"version-history":[{"count":1,"href":"https:\/\/www.perla.al\/al\/wp-json\/wp\/v2\/posts\/33374\/revisions"}],"predecessor-version":[{"id":33377,"href":"https:\/\/www.perla.al\/al\/wp-json\/wp\/v2\/posts\/33374\/revisions\/33377"}],"wp:featuredmedia":[{"embeddable":true,"href":"https:\/\/www.perla.al\/al\/wp-json\/wp\/v2\/media\/33376"}],"wp:attachment":[{"href":"https:\/\/www.perla.al\/al\/wp-json\/wp\/v2\/media?parent=33374"}],"wp:term":[{"taxonomy":"category","embeddable":true,"href":"https:\/\/www.perla.al\/al\/wp-json\/wp\/v2\/categories?post=33374"},{"taxonomy":"post_tag","embeddable":true,"href":"https:\/\/www.perla.al\/al\/wp-json\/wp\/v2\/tags?post=33374"},{"taxonomy":"yst_prominent_words","embeddable":true,"href":"https:\/\/www.perla.al\/al\/wp-json\/wp\/v2\/yst_prominent_words?post=33374"}],"curies":[{"name":"wp","href":"https:\/\/api.w.org\/{rel}","templated":true}]}}