{"id":33529,"date":"2025-08-07T09:49:59","date_gmt":"2025-08-07T07:49:59","guid":{"rendered":"https:\/\/www.perla.al\/?p=33529"},"modified":"2025-08-07T09:51:01","modified_gmt":"2025-08-07T07:51:01","slug":"shtepite-te-paarritshme-per-te-rinjte-demirxhiu-mungesa-e-fuqise-punetore-rrit-kostot","status":"publish","type":"post","link":"https:\/\/www.perla.al\/al\/shtepite-te-paarritshme-per-te-rinjte-demirxhiu-mungesa-e-fuqise-punetore-rrit-kostot\/","title":{"rendered":"Sht\u00ebpit\u00eb, t\u00eb paarritshme p\u00ebr t\u00eb rinjt\u00eb\/ Demirxhiu: Mungesa e fuqis\u00eb pun\u00ebtore, rrit kostot"},"content":{"rendered":"<p>\u00c7mimet e larta t\u00eb banesave dhe mungesa e fuqis\u00eb pun\u00ebtore kan\u00eb b\u00ebr\u00eb q\u00eb strehimi t\u00eb jet\u00eb gjithnj\u00eb e m\u00eb i paarritsh\u00ebm n\u00eb Shqip\u00ebri, ve\u00e7an\u00ebrisht p\u00ebr t\u00eb rinjt\u00eb dhe familjet me t\u00eb ardhura t\u00eb ul\u00ebta. Ekspert\u00ebt k\u00ebrkojn\u00eb masa konkrete dhe bashk\u00ebpunim publik-privat p\u00ebr t\u00eb p\u00ebrmir\u00ebsuar aksesin n\u00eb banesat e p\u00ebrballueshme.<br \/>\n<a href=\"https:\/\/www.youtube.com\/watch?v=inT9hvWyfRg\"><img loading=\"lazy\" decoding=\"async\" src=\"https:\/\/www.perla.al\/wp-content\/uploads\/2025\/08\/mcnttvv-1024x573.jpg\" alt=\"\" width=\"1024\" height=\"573\" class=\"aligncenter size-large wp-image-33531\" srcset=\"https:\/\/www.perla.al\/wp-content\/uploads\/2025\/08\/mcnttvv-1024x573.jpg 1024w, https:\/\/www.perla.al\/wp-content\/uploads\/2025\/08\/mcnttvv-300x168.jpg 300w, https:\/\/www.perla.al\/wp-content\/uploads\/2025\/08\/mcnttvv-768x430.jpg 768w, https:\/\/www.perla.al\/wp-content\/uploads\/2025\/08\/mcnttvv.jpg 1476w\" sizes=\"(max-width: 1024px) 100vw, 1024px\" \/><\/a><\/p>\n<div class=\"iframe-wrapper\"><iframe loading=\"lazy\" title=\"Sht\u00ebpit\u00eb, t\u00eb paarritshme p\u00ebr t\u00eb rinjt\u00eb\/ Demirxhiu: Mungesa e fuqis\u00eb pun\u00ebtore, rrit kostot\" width=\"1778\" height=\"1000\" src=\"https:\/\/www.youtube.com\/embed\/inT9hvWyfRg?feature=oembed\" frameborder=\"0\" allow=\"accelerometer; autoplay; clipboard-write; encrypted-media; gyroscope; picture-in-picture; web-share\" referrerpolicy=\"strict-origin-when-cross-origin\" allowfullscreen><\/iframe><\/div>\n<p>@ mcntv <\/p>\n","protected":false},"excerpt":{"rendered":"<p>\u00c7mimet e larta t\u00eb banesave dhe mungesa e fuqis\u00eb pun\u00ebtore kan\u00eb b\u00ebr\u00eb q\u00eb strehimi t\u00eb jet\u00eb gjithnj\u00eb e m\u00eb i paarritsh\u00ebm n\u00eb Shqip\u00ebri, ve\u00e7an\u00ebrisht p\u00ebr t\u00eb rinjt\u00eb dhe familjet me t\u00eb ardhura t\u00eb ul\u00ebta. Ekspert\u00ebt k\u00ebrkojn\u00eb masa konkrete dhe bashk\u00ebpunim publik-privat p\u00ebr t\u00eb p\u00ebrmir\u00ebsuar aksesin n\u00eb banesat e p\u00ebrballueshme. @ mcntv<\/p>\n","protected":false},"author":1,"featured_media":33531,"comment_status":"closed","ping_status":"open","sticky":false,"template":"","format":"standard","meta":{"cybocfi_hide_featured_image":"yes","footnotes":""},"categories":[1149,142],"tags":[],"yst_prominent_words":[1144,1135,1137,1337,1134],"class_list":["post-33529","post","type-post","status-publish","format-standard","has-post-thumbnail","hentry","category-shtepi-me-qera","category-uncategorized-en"],"translation":{"provider":"WPGlobus","version":"2.12.2","language":"al","enabled_languages":["en","al"],"languages":{"en":{"title":true,"content":true,"excerpt":false},"al":{"title":false,"content":false,"excerpt":false}}},"_links":{"self":[{"href":"https:\/\/www.perla.al\/al\/wp-json\/wp\/v2\/posts\/33529"}],"collection":[{"href":"https:\/\/www.perla.al\/al\/wp-json\/wp\/v2\/posts"}],"about":[{"href":"https:\/\/www.perla.al\/al\/wp-json\/wp\/v2\/types\/post"}],"author":[{"embeddable":true,"href":"https:\/\/www.perla.al\/al\/wp-json\/wp\/v2\/users\/1"}],"replies":[{"embeddable":true,"href":"https:\/\/www.perla.al\/al\/wp-json\/wp\/v2\/comments?post=33529"}],"version-history":[{"count":1,"href":"https:\/\/www.perla.al\/al\/wp-json\/wp\/v2\/posts\/33529\/revisions"}],"predecessor-version":[{"id":33532,"href":"https:\/\/www.perla.al\/al\/wp-json\/wp\/v2\/posts\/33529\/revisions\/33532"}],"wp:featuredmedia":[{"embeddable":true,"href":"https:\/\/www.perla.al\/al\/wp-json\/wp\/v2\/media\/33531"}],"wp:attachment":[{"href":"https:\/\/www.perla.al\/al\/wp-json\/wp\/v2\/media?parent=33529"}],"wp:term":[{"taxonomy":"category","embeddable":true,"href":"https:\/\/www.perla.al\/al\/wp-json\/wp\/v2\/categories?post=33529"},{"taxonomy":"post_tag","embeddable":true,"href":"https:\/\/www.perla.al\/al\/wp-json\/wp\/v2\/tags?post=33529"},{"taxonomy":"yst_prominent_words","embeddable":true,"href":"https:\/\/www.perla.al\/al\/wp-json\/wp\/v2\/yst_prominent_words?post=33529"}],"curies":[{"name":"wp","href":"https:\/\/api.w.org\/{rel}","templated":true}]}}