{"id":33766,"date":"2025-11-19T18:36:35","date_gmt":"2025-11-19T17:36:35","guid":{"rendered":"https:\/\/www.perla.al\/?p=33766"},"modified":"2025-11-19T18:40:06","modified_gmt":"2025-11-19T17:40:06","slug":"pritet-rivleresimi-i-banesave-perfitimet-qe-vijne-nga-ky-proces","status":"publish","type":"post","link":"https:\/\/www.perla.al\/al\/pritet-rivleresimi-i-banesave-perfitimet-qe-vijne-nga-ky-proces\/","title":{"rendered":"Pritet rivler\u00ebsimi i banesave, p\u00ebrfitimet q\u00eb vijn\u00eb nga ky pro\u00e7es"},"content":{"rendered":"<p>Klikoni m\u00eb posht\u00eb p\u00ebr videon e plot\u00eb:<br \/>\n<a href=\"http:\/\/https:\/\/youtu.be\/ejzbZSjkWb0?si=WlnC1J3Hr2dtAIDv\"><br \/>\n<\/a><a href=\"https:\/\/youtu.be\/ejzbZSjkWb0?si=WlnC1J3Hr2dtAIDv\"><img loading=\"lazy\" decoding=\"async\" class=\"aligncenter wp-image-33774 size-medium\" src=\"https:\/\/www.perla.al\/wp-content\/uploads\/2025\/11\/Screenshot-2025-11-19-181727-300x149.png\" alt=\"\" width=\"300\" height=\"149\" srcset=\"https:\/\/www.perla.al\/wp-content\/uploads\/2025\/11\/Screenshot-2025-11-19-181727-300x149.png 300w, https:\/\/www.perla.al\/wp-content\/uploads\/2025\/11\/Screenshot-2025-11-19-181727-768x382.png 768w, https:\/\/www.perla.al\/wp-content\/uploads\/2025\/11\/Screenshot-2025-11-19-181727.png 998w\" sizes=\"(max-width: 300px) 100vw, 300px\" \/><\/a><br \/>\nPronar\u00ebt e apartamenteve dhe sht\u00ebpive private q\u00eb kan\u00eb nxjerr\u00eb pronat n\u00eb shitje muajt e fundit jan\u00eb t\u00ebrhequr p\u00ebrkoh\u00ebsisht nga tregu, pasi po presin procesin e rivler\u00ebsimit me tatim 5% t\u00eb pasurive t\u00eb paluajtshme, q\u00eb \u00ebsht\u00eb p\u00ebrfshir\u00eb n\u00eb paket\u00ebn fiskale t\u00eb Ministris\u00eb s\u00eb Financave e cila pritet t\u00eb zabtohet m\u00eb dat\u00eb 1 janar t\u00eb vitit t\u00eb ardhsh\u00ebm.<\/p>\n<p>\u201cMomentalisht nj\u00eb pjes\u00eb e madhe e apartamenteve q\u00eb jan\u00eb p\u00ebr rishitje po presin procesin e rivler\u00ebsimit dhe nuk po shiten. Vet\u00ebm nj\u00eb num\u00ebr i vog\u00ebl po kryejn\u00eb transaksione, kryesisht ata q\u00eb kan\u00eb ndonj\u00eb hall ose problematik\u00eb dhe jan\u00eb t\u00eb detyruar t\u00eb shesin. Ne konkretisht kemi kthyer disa kaparre, sepse shit\u00ebsit jan\u00eb t\u00ebrhequr nga marr\u00ebveshjet\u201d, thot\u00eb Ervin Demirxhiu, agjent i pasurive t\u00eb paluajtshme.<\/p>\n<p>Gjat\u00eb diskutimeve p\u00ebr hartimin e skem\u00ebs, agjent\u00ebt imobiliar\u00eb kan\u00eb k\u00ebrkuar nj\u00eb norm\u00eb m\u00eb t\u00eb ul\u00ebt, 2\u20133%, por pavar\u00ebsisht se 5% nuk konsiderohet optimale, sipas tyre do t\u00eb ndihmoj\u00eb n\u00eb zhbllokimin e tregut.<\/p>\n<p>\u201c5% nuk \u00ebsht\u00eb vlera m\u00eb e mir\u00eb e mundshme, por \u00ebsht\u00eb shum\u00eb m\u00eb mir\u00eb se 15%. Sigurisht q\u00eb nj\u00eb norm\u00eb m\u00eb e ul\u00ebt do kishte nj\u00eb impakt m\u00eb pozitiv p\u00ebr qytetar\u00ebt, por edhe kjo \u00ebsht\u00eb e pranueshme\u201d, thot\u00eb Demirxhiu.<\/p>\n<p>Nga procesi i ri i rivler\u00ebsimit pritet t\u00eb preket nj\u00eb num\u00ebr i konsiderueshem pronash ku pjesa m\u00eb e madhe i p\u00ebrket pallateve t\u00eb vjetra, t\u00eb cilat kan\u00eb diferenc\u00eb t\u00eb madhe midis vler\u00ebs s\u00eb vjet\u00ebr t\u00eb regjistruar dhe \u00e7mimit aktual t\u00eb tregut.<\/p>\n<p>\u201cMbi 90% e pronave t\u00eb vjetra do t\u00eb preken. Kushdo q\u00eb ka bler\u00eb nj\u00eb apartament vite m\u00eb par\u00eb e ka sot vler\u00ebn dyfish ose trefish m\u00eb t\u00eb lart\u00eb. N\u00ebse nj\u00eb pron\u00eb \u00ebsht\u00eb bler\u00eb 10 vite m\u00eb par\u00eb me 100 mij\u00eb euro, sot mund t\u00eb vlej\u00eb 250 mij\u00eb euro. Kjo krijon nj\u00eb diferenc\u00eb tatimore 150 mij\u00eb euro, e cila me rivler\u00ebsim tatohet me nj\u00eb norm\u00eb tre her\u00eb m\u00eb t\u00eb ul\u00ebt se zakonisht\u201d, shprehet Demirxhiu.<\/p>\n<p>Sipas t\u00eb dh\u00ebnave t\u00eb Ministris\u00eb s\u00eb Financave, rreth 168 mij\u00eb pasuri t\u00eb paluajtshme iu n\u00ebnshtruan p\u00ebr her\u00eb t\u00eb fundit rivler\u00ebsimit, at\u00ebher\u00eb me norm\u00eb 15%. K\u00ebt\u00eb her\u00eb, p\u00ebr shkak t\u00eb uljes n\u00eb 5%, pritet nj\u00eb num\u00ebr shum\u00eb m\u00eb i lart\u00eb aplikimesh.<\/p>\n","protected":false},"excerpt":{"rendered":"<p>Klikoni m\u00eb posht\u00eb p\u00ebr videon e plot\u00eb: Pronar\u00ebt e apartamenteve dhe sht\u00ebpive private q\u00eb kan\u00eb nxjerr\u00eb pronat n\u00eb shitje muajt e fundit jan\u00eb t\u00ebrhequr p\u00ebrkoh\u00ebsisht nga tregu, pasi po presin procesin e rivler\u00ebsimit me tatim 5% t\u00eb pasurive t\u00eb paluajtshme, q\u00eb \u00ebsht\u00eb p\u00ebrfshir\u00eb n\u00eb paket\u00ebn fiskale t\u00eb Ministris\u00eb s\u00eb Financave e cila pritet t\u00eb zabtohet [&hellip;]<\/p>\n","protected":false},"author":188,"featured_media":33773,"comment_status":"closed","ping_status":"open","sticky":false,"template":"","format":"standard","meta":{"cybocfi_hide_featured_image":"yes","footnotes":""},"categories":[1152,1153,1149,1151,3226,1150,1154,1119,2451,2281],"tags":[968,1120,4539,2452],"yst_prominent_words":[1270,1291,1293],"class_list":["post-33766","post","type-post","status-publish","format-standard","has-post-thumbnail","hentry","category-apartament-me-qera","category-apartamente-ne-shitje","category-shtepi-me-qera","category-apartamente-ne-tirane","category-sherbime-hipotekore","category-shtepi-ne-shitje","category-vila-me-qera","category-vleresim-prone","category-vleresues-i-pasurive-te-paluajtshme","category-vleresues-pronash","tag-apartament-me-qera","tag-rivleresim-prone","tag-apartament-per-shitje","tag-vleresues-i-pasurive-te-paluajtshme"],"translation":{"provider":"WPGlobus","version":"2.12.2","language":"al","enabled_languages":["en","al"],"languages":{"en":{"title":true,"content":true,"excerpt":false},"al":{"title":false,"content":false,"excerpt":false}}},"_links":{"self":[{"href":"https:\/\/www.perla.al\/al\/wp-json\/wp\/v2\/posts\/33766"}],"collection":[{"href":"https:\/\/www.perla.al\/al\/wp-json\/wp\/v2\/posts"}],"about":[{"href":"https:\/\/www.perla.al\/al\/wp-json\/wp\/v2\/types\/post"}],"author":[{"embeddable":true,"href":"https:\/\/www.perla.al\/al\/wp-json\/wp\/v2\/users\/188"}],"replies":[{"embeddable":true,"href":"https:\/\/www.perla.al\/al\/wp-json\/wp\/v2\/comments?post=33766"}],"version-history":[{"count":6,"href":"https:\/\/www.perla.al\/al\/wp-json\/wp\/v2\/posts\/33766\/revisions"}],"predecessor-version":[{"id":33777,"href":"https:\/\/www.perla.al\/al\/wp-json\/wp\/v2\/posts\/33766\/revisions\/33777"}],"wp:featuredmedia":[{"embeddable":true,"href":"https:\/\/www.perla.al\/al\/wp-json\/wp\/v2\/media\/33773"}],"wp:attachment":[{"href":"https:\/\/www.perla.al\/al\/wp-json\/wp\/v2\/media?parent=33766"}],"wp:term":[{"taxonomy":"category","embeddable":true,"href":"https:\/\/www.perla.al\/al\/wp-json\/wp\/v2\/categories?post=33766"},{"taxonomy":"post_tag","embeddable":true,"href":"https:\/\/www.perla.al\/al\/wp-json\/wp\/v2\/tags?post=33766"},{"taxonomy":"yst_prominent_words","embeddable":true,"href":"https:\/\/www.perla.al\/al\/wp-json\/wp\/v2\/yst_prominent_words?post=33766"}],"curies":[{"name":"wp","href":"https:\/\/api.w.org\/{rel}","templated":true}]}}