{"id":33848,"date":"2025-11-20T21:28:37","date_gmt":"2025-11-20T20:28:37","guid":{"rendered":"https:\/\/www.perla.al\/?p=33848"},"modified":"2025-11-20T21:29:57","modified_gmt":"2025-11-20T20:29:57","slug":"ne-zona-te-caktuara-te-tiranes-gjejme-garazhdet-me-te-shtrenjte-se-apartamentet-kur-i-referohemi-cmimit-per-m%c2%b2","status":"publish","type":"post","link":"https:\/\/www.perla.al\/al\/ne-zona-te-caktuara-te-tiranes-gjejme-garazhdet-me-te-shtrenjte-se-apartamentet-kur-i-referohemi-cmimit-per-m%c2%b2\/","title":{"rendered":"N\u00eb zona t\u00eb caktuara t\u00eb Tiran\u00ebs gjejm\u00eb garazhdet m\u00eb t\u00eb shtrenjt\u00eb se apartamentet kur i referohemi \u00e7mimit p\u00ebr m\u00b2"},"content":{"rendered":"<p>Klikoni m\u00eb posht\u00eb p\u00ebr videon e plot\u00eb:<br \/>\n<a href=\"https:\/\/youtu.be\/RHak4SNwbZQ?si=aTYS_tttRJVL-h6a\"><img loading=\"lazy\" decoding=\"async\" class=\"aligncenter wp-image-33849 size-medium\" src=\"https:\/\/www.perla.al\/wp-content\/uploads\/2025\/11\/Screenshot-2025-11-20-211031-300x168.png\" alt=\"\" width=\"300\" height=\"168\" srcset=\"https:\/\/www.perla.al\/wp-content\/uploads\/2025\/11\/Screenshot-2025-11-20-211031-300x168.png 300w, https:\/\/www.perla.al\/wp-content\/uploads\/2025\/11\/Screenshot-2025-11-20-211031-1024x574.png 1024w, https:\/\/www.perla.al\/wp-content\/uploads\/2025\/11\/Screenshot-2025-11-20-211031-768x431.png 768w, https:\/\/www.perla.al\/wp-content\/uploads\/2025\/11\/Screenshot-2025-11-20-211031.png 1070w\" sizes=\"(max-width: 300px) 100vw, 300px\" \/><\/a><br \/>\nN\u00eb disa zona t\u00eb caktuara t\u00eb Tiran\u00ebs, sidomos n\u00eb qend\u00ebr dhe n\u00eb lagjet me dend\u00ebsi t\u00eb lart\u00eb banimi, \u00e7mimet e garazheve kan\u00eb arritur n\u00eb nivele m\u00eb t\u00eb larta se ato t\u00eb apartamenteve, kur krahasohen p\u00ebr met\u00ebr katror. Kjo ndodh p\u00ebr shkak t\u00eb munges\u00ebs s\u00eb hap\u00ebsirave t\u00eb parkimit, rritjes s\u00eb numrit t\u00eb automjeteve dhe k\u00ebrkes\u00ebs s\u00eb lart\u00eb p\u00ebr vende t\u00eb sigurta parkimi. Si rezultat, garazhet jan\u00eb kthyer n\u00eb nj\u00eb investim tep\u00ebr t\u00eb k\u00ebrkuar dhe shpesh vler\u00ebsohen m\u00eb shum\u00eb sesa hap\u00ebsira t\u00eb banimit, duke reflektuar presionin urbanistik dhe zhvillimin intensiv t\u00eb qytetit.<\/p>\n","protected":false},"excerpt":{"rendered":"<p>Klikoni m\u00eb posht\u00eb p\u00ebr videon e plot\u00eb: N\u00eb disa zona t\u00eb caktuara t\u00eb Tiran\u00ebs, sidomos n\u00eb qend\u00ebr dhe n\u00eb lagjet me dend\u00ebsi t\u00eb lart\u00eb banimi, \u00e7mimet e garazheve kan\u00eb arritur n\u00eb nivele m\u00eb t\u00eb larta se ato t\u00eb apartamenteve, kur krahasohen p\u00ebr met\u00ebr katror. Kjo ndodh p\u00ebr shkak t\u00eb munges\u00ebs s\u00eb hap\u00ebsirave t\u00eb parkimit, rritjes [&hellip;]<\/p>\n","protected":false},"author":188,"featured_media":33850,"comment_status":"closed","ping_status":"open","sticky":false,"template":"","format":"standard","meta":{"cybocfi_hide_featured_image":"yes","footnotes":""},"categories":[1152,1153,1149,1151,1150,2451],"tags":[],"yst_prominent_words":[1144,2357,1135,1137,1315,1134],"class_list":["post-33848","post","type-post","status-publish","format-standard","has-post-thumbnail","hentry","category-apartament-me-qera","category-apartamente-ne-shitje","category-shtepi-me-qera","category-apartamente-ne-tirane","category-shtepi-ne-shitje","category-vleresues-i-pasurive-te-paluajtshme"],"translation":{"provider":"WPGlobus","version":"2.12.2","language":"al","enabled_languages":["en","al"],"languages":{"en":{"title":true,"content":true,"excerpt":false},"al":{"title":false,"content":false,"excerpt":false}}},"_links":{"self":[{"href":"https:\/\/www.perla.al\/al\/wp-json\/wp\/v2\/posts\/33848"}],"collection":[{"href":"https:\/\/www.perla.al\/al\/wp-json\/wp\/v2\/posts"}],"about":[{"href":"https:\/\/www.perla.al\/al\/wp-json\/wp\/v2\/types\/post"}],"author":[{"embeddable":true,"href":"https:\/\/www.perla.al\/al\/wp-json\/wp\/v2\/users\/188"}],"replies":[{"embeddable":true,"href":"https:\/\/www.perla.al\/al\/wp-json\/wp\/v2\/comments?post=33848"}],"version-history":[{"count":2,"href":"https:\/\/www.perla.al\/al\/wp-json\/wp\/v2\/posts\/33848\/revisions"}],"predecessor-version":[{"id":33852,"href":"https:\/\/www.perla.al\/al\/wp-json\/wp\/v2\/posts\/33848\/revisions\/33852"}],"wp:featuredmedia":[{"embeddable":true,"href":"https:\/\/www.perla.al\/al\/wp-json\/wp\/v2\/media\/33850"}],"wp:attachment":[{"href":"https:\/\/www.perla.al\/al\/wp-json\/wp\/v2\/media?parent=33848"}],"wp:term":[{"taxonomy":"category","embeddable":true,"href":"https:\/\/www.perla.al\/al\/wp-json\/wp\/v2\/categories?post=33848"},{"taxonomy":"post_tag","embeddable":true,"href":"https:\/\/www.perla.al\/al\/wp-json\/wp\/v2\/tags?post=33848"},{"taxonomy":"yst_prominent_words","embeddable":true,"href":"https:\/\/www.perla.al\/al\/wp-json\/wp\/v2\/yst_prominent_words?post=33848"}],"curies":[{"name":"wp","href":"https:\/\/api.w.org\/{rel}","templated":true}]}}