{"id":33853,"date":"2025-11-20T21:50:22","date_gmt":"2025-11-20T20:50:22","guid":{"rendered":"https:\/\/www.perla.al\/?p=33853"},"modified":"2025-11-20T21:50:22","modified_gmt":"2025-11-20T20:50:22","slug":"rritja-e-cmimeve-te-apartamenteve-ne-tirane","status":"publish","type":"post","link":"https:\/\/www.perla.al\/al\/rritja-e-cmimeve-te-apartamenteve-ne-tirane\/","title":{"rendered":"Rritja e \u00e7mimeve t\u00eb apartamenteve n\u00eb Tiran\u00eb"},"content":{"rendered":"<p>Klikoni m\u00eb posht\u00eb p\u00ebr videon e plot\u00eb:<a href=\"https:\/\/www.youtube.com\/live\/K1gdu7za8xA?si=9ur7LCVqvlVNLlhP\"><img loading=\"lazy\" decoding=\"async\" class=\"aligncenter wp-image-33855 size-medium\" src=\"https:\/\/www.perla.al\/wp-content\/uploads\/2025\/11\/Screenshot-2025-11-20-213801-300x168.png\" alt=\"\" width=\"300\" height=\"168\" srcset=\"https:\/\/www.perla.al\/wp-content\/uploads\/2025\/11\/Screenshot-2025-11-20-213801-300x168.png 300w, https:\/\/www.perla.al\/wp-content\/uploads\/2025\/11\/Screenshot-2025-11-20-213801-1024x575.png 1024w, https:\/\/www.perla.al\/wp-content\/uploads\/2025\/11\/Screenshot-2025-11-20-213801-768x431.png 768w, https:\/\/www.perla.al\/wp-content\/uploads\/2025\/11\/Screenshot-2025-11-20-213801.png 1062w\" sizes=\"(max-width: 300px) 100vw, 300px\" \/><\/a><br \/>\nGjat\u00eb 20 viteve t\u00eb fundit, Tirana ka p\u00ebrjetuar nj\u00eb rritje t\u00eb ndjeshme t\u00eb \u00e7mimeve, duke sh\u00ebnuar deri n\u00eb trefishim n\u00eb shum\u00eb sektor\u00eb, ve\u00e7an\u00ebrisht n\u00eb tregun e pasurive t\u00eb paluajtshme. Urbanizimi i shpejt\u00eb, rritja e k\u00ebrkes\u00ebs p\u00ebr banesa, investimet e huaja dhe zhvillimet infrastrukturore kan\u00eb ndikuar drejtp\u00ebrdrejt n\u00eb k\u00ebt\u00eb rritje t\u00eb vazhdueshme. Si pasoj\u00eb, kostoja e jetes\u00ebs dhe vlera e pronave n\u00eb kryeqytet \u00ebsht\u00eb rritur ndjesh\u00ebm, duke ndryshuar m\u00ebnyr\u00ebn se si qytetar\u00ebt planifikojn\u00eb dhe p\u00ebrballojn\u00eb shpenzimet e tyre t\u00eb p\u00ebrditshme.<\/p>\n","protected":false},"excerpt":{"rendered":"<p>Klikoni m\u00eb posht\u00eb p\u00ebr videon e plot\u00eb: Gjat\u00eb 20 viteve t\u00eb fundit, Tirana ka p\u00ebrjetuar nj\u00eb rritje t\u00eb ndjeshme t\u00eb \u00e7mimeve, duke sh\u00ebnuar deri n\u00eb trefishim n\u00eb shum\u00eb sektor\u00eb, ve\u00e7an\u00ebrisht n\u00eb tregun e pasurive t\u00eb paluajtshme. Urbanizimi i shpejt\u00eb, rritja e k\u00ebrkes\u00ebs p\u00ebr banesa, investimet e huaja dhe zhvillimet infrastrukturore kan\u00eb ndikuar drejtp\u00ebrdrejt n\u00eb k\u00ebt\u00eb [&hellip;]<\/p>\n","protected":false},"author":188,"featured_media":33854,"comment_status":"closed","ping_status":"open","sticky":false,"template":"","format":"standard","meta":{"cybocfi_hide_featured_image":"yes","footnotes":""},"categories":[1152,1153,1149,1151,1150,142,2451],"tags":[968,2277,1120,2828,966,3678,1128,1127,2452],"yst_prominent_words":[1144,1774,1135,1137,1159,1134],"class_list":["post-33853","post","type-post","status-publish","format-standard","has-post-thumbnail","hentry","category-apartament-me-qera","category-apartamente-ne-shitje","category-shtepi-me-qera","category-apartamente-ne-tirane","category-shtepi-ne-shitje","category-uncategorized-en","category-vleresues-i-pasurive-te-paluajtshme","tag-apartament-me-qera","tag-apartamente-me-qera-2","tag-rivleresim-prone","tag-apartamente-me-qera-ne-tirane","tag-apartamente-ne-shitje","tag-apartamente-ne-shitje-tirane","tag-apartamente-per-shitje","tag-perla-real-estate-apartamente-me-qera-apartamente-ne-shitje-shtepi-me-qera-shtepi-ne-shitje-vleresim-prone","tag-vleresues-i-pasurive-te-paluajtshme"],"translation":{"provider":"WPGlobus","version":"2.12.2","language":"al","enabled_languages":["en","al"],"languages":{"en":{"title":true,"content":true,"excerpt":false},"al":{"title":false,"content":false,"excerpt":false}}},"_links":{"self":[{"href":"https:\/\/www.perla.al\/al\/wp-json\/wp\/v2\/posts\/33853"}],"collection":[{"href":"https:\/\/www.perla.al\/al\/wp-json\/wp\/v2\/posts"}],"about":[{"href":"https:\/\/www.perla.al\/al\/wp-json\/wp\/v2\/types\/post"}],"author":[{"embeddable":true,"href":"https:\/\/www.perla.al\/al\/wp-json\/wp\/v2\/users\/188"}],"replies":[{"embeddable":true,"href":"https:\/\/www.perla.al\/al\/wp-json\/wp\/v2\/comments?post=33853"}],"version-history":[{"count":2,"href":"https:\/\/www.perla.al\/al\/wp-json\/wp\/v2\/posts\/33853\/revisions"}],"predecessor-version":[{"id":33857,"href":"https:\/\/www.perla.al\/al\/wp-json\/wp\/v2\/posts\/33853\/revisions\/33857"}],"wp:featuredmedia":[{"embeddable":true,"href":"https:\/\/www.perla.al\/al\/wp-json\/wp\/v2\/media\/33854"}],"wp:attachment":[{"href":"https:\/\/www.perla.al\/al\/wp-json\/wp\/v2\/media?parent=33853"}],"wp:term":[{"taxonomy":"category","embeddable":true,"href":"https:\/\/www.perla.al\/al\/wp-json\/wp\/v2\/categories?post=33853"},{"taxonomy":"post_tag","embeddable":true,"href":"https:\/\/www.perla.al\/al\/wp-json\/wp\/v2\/tags?post=33853"},{"taxonomy":"yst_prominent_words","embeddable":true,"href":"https:\/\/www.perla.al\/al\/wp-json\/wp\/v2\/yst_prominent_words?post=33853"}],"curies":[{"name":"wp","href":"https:\/\/api.w.org\/{rel}","templated":true}]}}