{"id":33859,"date":"2025-11-22T22:06:12","date_gmt":"2025-11-22T21:06:12","guid":{"rendered":"https:\/\/www.perla.al\/?p=33859"},"modified":"2025-11-22T22:06:12","modified_gmt":"2025-11-22T21:06:12","slug":"rivleresimi-i-pronave-me-5-perqind","status":"publish","type":"post","link":"https:\/\/www.perla.al\/al\/rivleresimi-i-pronave-me-5-perqind\/","title":{"rendered":"Rivler\u00ebsimi i pronave me 5 p\u00ebrqind"},"content":{"rendered":"<p>Klikoni m\u00eb posht\u00eb p\u00ebr videon e plot\u00eb:<br \/>\n<a href=\"https:\/\/youtu.be\/Rjdyl9OxbFU\"><img loading=\"lazy\" decoding=\"async\" class=\"aligncenter wp-image-33862 size-medium\" src=\"https:\/\/www.perla.al\/wp-content\/uploads\/2025\/11\/Screenshot-2025-11-22-220014-300x173.png\" alt=\"\" width=\"300\" height=\"173\" srcset=\"https:\/\/www.perla.al\/wp-content\/uploads\/2025\/11\/Screenshot-2025-11-22-220014-300x173.png 300w, https:\/\/www.perla.al\/wp-content\/uploads\/2025\/11\/Screenshot-2025-11-22-220014-1024x592.png 1024w, https:\/\/www.perla.al\/wp-content\/uploads\/2025\/11\/Screenshot-2025-11-22-220014-768x444.png 768w, https:\/\/www.perla.al\/wp-content\/uploads\/2025\/11\/Screenshot-2025-11-22-220014.png 1145w\" sizes=\"(max-width: 300px) 100vw, 300px\" \/><\/a><br \/>\nNd\u00ebrsa eksperti, Ervin Demirxhiu tha se ligji n\u00eb vetvete ka shum\u00eb gj\u00ebra pozitive, nd\u00ebrsa b\u00ebri apel q\u00eb aplikimi t\u00eb mos lihet p\u00ebr dit\u00eb e fundit<\/p>\n<p>Gjithashtu theksoi se nga janari n\u00eb momentin q\u00eb do t\u00eb b\u00ebhet n\u00eb momentin q\u00eb do b\u00ebhet rivler\u00ebsimi i pronave do t\u00eb jet\u00eb nj\u00eb frym\u00ebmarrje p\u00ebr k\u00ebt\u00eb sektor.<\/p>\n<p>\u201cKy ligj n\u00eb vetvete ka shum\u00eb gj\u00ebra pozitive. Do e lidhja shum\u00eb ngusht\u00eb me procesin e kreditimit. Ka nj\u00eb hezitim sepse tatimi \u00ebsht\u00eb goxha i lart\u00eb dhe pjesa m\u00eb e prekur mendoj q\u00eb jan\u00eb ato \u00e7iftet e reja q\u00eb duan t\u00eb marrin nj\u00eb kredi. Nga janari n\u00eb momentin q\u00eb do t\u00eb b\u00ebhet n\u00eb momentin q\u00eb do b\u00ebhet rivler\u00ebsimi i pronave do t\u00eb jet\u00eb nj\u00eb frym\u00ebmarrje\u201d, u shpreh ai.<\/p>\n","protected":false},"excerpt":{"rendered":"<p>Klikoni m\u00eb posht\u00eb p\u00ebr videon e plot\u00eb: Nd\u00ebrsa eksperti, Ervin Demirxhiu tha se ligji n\u00eb vetvete ka shum\u00eb gj\u00ebra pozitive, nd\u00ebrsa b\u00ebri apel q\u00eb aplikimi t\u00eb mos lihet p\u00ebr dit\u00eb e fundit Gjithashtu theksoi se nga janari n\u00eb momentin q\u00eb do t\u00eb b\u00ebhet n\u00eb momentin q\u00eb do b\u00ebhet rivler\u00ebsimi i pronave do t\u00eb jet\u00eb nj\u00eb [&hellip;]<\/p>\n","protected":false},"author":188,"featured_media":33861,"comment_status":"closed","ping_status":"open","sticky":false,"template":"","format":"standard","meta":{"cybocfi_hide_featured_image":"yes","footnotes":""},"categories":[1152,1153,1149,1151,3226,1150,1119,2451],"tags":[2277,1120,2828,3678,2777],"yst_prominent_words":[],"class_list":["post-33859","post","type-post","status-publish","format-standard","has-post-thumbnail","hentry","category-apartament-me-qera","category-apartamente-ne-shitje","category-shtepi-me-qera","category-apartamente-ne-tirane","category-sherbime-hipotekore","category-shtepi-ne-shitje","category-vleresim-prone","category-vleresues-i-pasurive-te-paluajtshme","tag-apartamente-me-qera-2","tag-rivleresim-prone","tag-apartamente-me-qera-ne-tirane","tag-apartamente-ne-shitje-tirane","tag-rivleresues-prone"],"translation":{"provider":"WPGlobus","version":"2.12.2","language":"al","enabled_languages":["en","al"],"languages":{"en":{"title":true,"content":true,"excerpt":false},"al":{"title":false,"content":false,"excerpt":false}}},"_links":{"self":[{"href":"https:\/\/www.perla.al\/al\/wp-json\/wp\/v2\/posts\/33859"}],"collection":[{"href":"https:\/\/www.perla.al\/al\/wp-json\/wp\/v2\/posts"}],"about":[{"href":"https:\/\/www.perla.al\/al\/wp-json\/wp\/v2\/types\/post"}],"author":[{"embeddable":true,"href":"https:\/\/www.perla.al\/al\/wp-json\/wp\/v2\/users\/188"}],"replies":[{"embeddable":true,"href":"https:\/\/www.perla.al\/al\/wp-json\/wp\/v2\/comments?post=33859"}],"version-history":[{"count":1,"href":"https:\/\/www.perla.al\/al\/wp-json\/wp\/v2\/posts\/33859\/revisions"}],"predecessor-version":[{"id":33863,"href":"https:\/\/www.perla.al\/al\/wp-json\/wp\/v2\/posts\/33859\/revisions\/33863"}],"wp:featuredmedia":[{"embeddable":true,"href":"https:\/\/www.perla.al\/al\/wp-json\/wp\/v2\/media\/33861"}],"wp:attachment":[{"href":"https:\/\/www.perla.al\/al\/wp-json\/wp\/v2\/media?parent=33859"}],"wp:term":[{"taxonomy":"category","embeddable":true,"href":"https:\/\/www.perla.al\/al\/wp-json\/wp\/v2\/categories?post=33859"},{"taxonomy":"post_tag","embeddable":true,"href":"https:\/\/www.perla.al\/al\/wp-json\/wp\/v2\/tags?post=33859"},{"taxonomy":"yst_prominent_words","embeddable":true,"href":"https:\/\/www.perla.al\/al\/wp-json\/wp\/v2\/yst_prominent_words?post=33859"}],"curies":[{"name":"wp","href":"https:\/\/api.w.org\/{rel}","templated":true}]}}